{"id":710,"date":"2024-10-25T19:29:08","date_gmt":"2024-10-25T19:29:08","guid":{"rendered":"https:\/\/www.flytographer.com\/blog\/emily-in-paris-season-4-filming-locations-rome\/"},"modified":"2024-10-25T19:29:08","modified_gmt":"2024-10-25T19:29:08","slug":"emily-in-paris-season-4-filming-locations-rome","status":"publish","type":"post","link":"https:\/\/flyphotoprod.wpenginepowered.com\/blog\/emily-in-paris-season-4-filming-locations-rome\/","title":{"rendered":"Emily in Paris Season 4 Filming Locations in Rome &#038; the French Alps"},"content":{"rendered":"<div id=\"et-boc\" class=\"et-boc\">\n<div class=\"et-l et-l--post\">\n<div class=\"et_builder_inner_content et_pb_gutters3\">\n<div class=\"et_pb_section et_pb_section_0 et_section_regular\">\n<div class=\"et_pb_row et_pb_row_0\">\n<div class=\"et_pb_column et_pb_column_4_4 et_pb_column_0  et_pb_css_mix_blend_mode_passthrough et-last-child\">\n<div class=\"et_pb_module et_pb_text et_pb_text_0  et_pb_text_align_left et_pb_bg_layout_light\">\n<div class=\"et_pb_text_inner\">\n<h2><b>Emily\u2019s Italian &amp; French Holidays<\/b><\/h2>\n<p><span style=\"font-weight: 400;\">Bonjour mes amis! It\u2019s official \u2013 Emily Cooper has traded in her croissants \ud83e\udd50 for cannolis. Our chic American fille has left the French Capital in the fourth season of Emily in Paris and landed in the Eternal City, Rome \ud83c\uddee\ud83c\uddf9 Join us as we take a look at season 4 filming locations with many new spots unlocked! \ud83d\udd11<\/span><\/p>\n<p><span style=\"font-weight: 400;\">Here at<\/span><a href=\"https:\/\/flytographer.com\/\"> <span style=\"font-weight: 400;\">\u200b\u200bFlytographer<\/span><\/a><span style=\"font-weight: 400;\">, we easily connect people with trusted photographers for fun photo shoots and have captured over six million memories worldwide. The magic of Flytographer is both the experience and the photos. Today, we asked our local photographers to share insider Emily in Paris Season 4 filming locations in both France and\u2026 Roma! Let\u2019s get into it!<\/span><\/p>\n<p>&nbsp;<\/p>\n<h2><b>TLDR<\/b><\/h2>\n<ul>\n<li style=\"font-weight: 400;\" aria-level=\"1\"><a href=\"\/#PARIS\"><span style=\"font-weight: 400;\">New Paris Locations<\/span><\/a><\/li>\n<li style=\"font-weight: 400;\" aria-level=\"1\"><a href=\"\/#ROME\"><span style=\"font-weight: 400;\">Emily\u2019s Roman Holiday<\/span><\/a><\/li>\n<li style=\"font-weight: 400;\" aria-level=\"1\"><a href=\"\/#ALPS\"><span style=\"font-weight: 400;\">The Getaway to the French Alps<\/span><\/a><\/li>\n<li style=\"font-weight: 400;\" aria-level=\"1\"><a href=\"\/#FAQ\"><span style=\"font-weight: 400;\">Frequently Asked Questions<\/span><\/a><\/li>\n<\/ul>\n<\/div>\n<\/div>\n<p> <!-- .et_pb_text --><\/p>\n<div class=\"et_pb_module et_pb_image et_pb_image_0\">\n<a href=\"https:\/\/flyphotoprod.wpenginepowered.com\/destinations\/paris\/\"><span class=\"et_pb_image_wrap \"><img decoding=\"async\" loading=\"lazy\" src=\"https:\/\/flyphotoprod.wpenginepowered.com\/wp-content\/uploads\/2024\/10\/emily-in-paris-season-4-flytographer-1.jpeg\" alt=\"\" title=\"\" height=\"auto\" width=\"auto\" class=\"wp-image-95769\"><\/span><\/a>\n<\/div>\n<div class=\"et_pb_module et_pb_text et_pb_text_1  et_pb_text_align_left et_pb_bg_layout_light\">\n<div class=\"et_pb_text_inner\">\n<p><strong><a class=\"notion-link-token notion-focusable-token notion-enable-hover\" tabindex=\"0\" href=\"https:\/\/flyphotoprod.wpenginepowered.com\/vacation-photographers\/your-vacation-photographer-in-paris-meet-olga\/\" rel=\"noopener noreferrer\" data-token-index=\"0\"><span class=\"link-annotation-unknown-block-id-1654463994\">Photo: Olga in Paris for Flytographer.<\/span><\/a> <\/strong><em>Meghan and friend capture memories on the <span class=\"link-annotation-unknown-block-id--762994899\">Flytographer\u2019s Emily in Paris photo tour<\/span>.<\/em> <!-- notionvc: f300df4a-50c0-44cd-89c1-dbbb431d31e6 --><\/p>\n<\/div>\n<\/div>\n<p> <!-- .et_pb_text -->\n<\/div>\n<p> <!-- .et_pb_column -->\n<\/div>\n<p> <!-- .et_pb_row --><\/p>\n<div id=\"PARIS\" class=\"et_pb_row et_pb_row_1\">\n<div class=\"et_pb_column et_pb_column_4_4 et_pb_column_1  et_pb_css_mix_blend_mode_passthrough et-last-child\">\n<div class=\"et_pb_module et_pb_text et_pb_text_2  et_pb_text_align_left et_pb_bg_layout_light\">\n<div class=\"et_pb_text_inner\">\n<h2 style=\"font-size:26px;\"><b>New Paris Locations<\/b><\/h2>\n<p><span style=\"font-weight: 400;\">Our favourite <a href=\"https:\/\/flyphotoprod.wpenginepowered.com\/blog\/emily-in-paris-filming-locations\/\">filming locations from earlier seasons<\/a> will always be iconic and Paris will always be at the heart of Emily\u2019s adventures. In season 4, we get glimpses of fresh new locations around the city. From glitzy hotels, to sports stadiums, this season includes some exciting iconic stops!<\/span><\/p>\n<p><span style=\"font-weight: 400;\">While Emily explores new corners of Paris, you can too! At Flytographer, we\u2019ve made booking a photographer to capture your Paris memories EVEN easier! Try our<\/span><a href=\"https:\/\/flyphotoprod.wpenginepowered.com\/destinations\/paris\/\"> <span style=\"font-weight: 400;\">Instant Book feature in Paris<\/span><\/a><span style=\"font-weight: 400;\">, and reserve your Parisian photoshoot without delay! \u26a1\ufe0f<\/span><\/p>\n<h2><b>1. Get a Coffee at Place de l\u2019estrapade<\/b><\/h2>\n<p><span style=\"font-weight: 400;\">Fans of <\/span><i><span style=\"font-weight: 400;\">Emily in Paris<\/span><\/i><span style=\"font-weight: 400;\"> will recognize Place de l\u2019Estrapade as the location of Emily\u2019s apartment. Located in the iconic 5th arrondissement, why not grab a coffee at one of the cozy caf\u00e9s and soak in the charm of this classic Parisian square? The area offers a laid-back vibe, perfect for a morning stroll or afternoon read in a cafe. Keep your eyes out for Emily (Lily Collins) and Mindy (Ashley Park) hanging out at Gabriel\u2019s (Lucas Bravo) restaurant across the street on any given night of the week \ud83c\udf77<\/span><\/p>\n<\/div>\n<\/div>\n<p> <!-- .et_pb_text -->\n<\/div>\n<p> <!-- .et_pb_column -->\n<\/div>\n<p> <!-- .et_pb_row --><\/p>\n<div class=\"et_pb_row et_pb_row_2\">\n<div class=\"et_pb_column et_pb_column_1_2 et_pb_column_2  et_pb_css_mix_blend_mode_passthrough\">\n<div class=\"et_pb_module et_pb_image et_pb_image_1\">\n<a href=\"https:\/\/flyphotoprod.wpenginepowered.com\/destinations\/paris\/\"><span class=\"et_pb_image_wrap \"><img decoding=\"async\" loading=\"lazy\" src=\"https:\/\/flyphotoprod.wpenginepowered.com\/wp-content\/uploads\/2024\/10\/emily-in-paris-season-4-flytographer-2.jpeg\" alt=\"\" title=\"\" height=\"auto\" width=\"auto\" class=\"wp-image-95770\"><\/span><\/a>\n<\/div>\n<\/div>\n<p> <!-- .et_pb_column --><\/p>\n<div class=\"et_pb_column et_pb_column_1_2 et_pb_column_3  et_pb_css_mix_blend_mode_passthrough et-last-child\">\n<div class=\"et_pb_module et_pb_image et_pb_image_2\">\n<a href=\"https:\/\/flyphotoprod.wpenginepowered.com\/destinations\/paris\/\"><span class=\"et_pb_image_wrap \"><img decoding=\"async\" loading=\"lazy\" src=\"https:\/\/flyphotoprod.wpenginepowered.com\/wp-content\/uploads\/2024\/10\/emily-in-paris-season-4-flytographer-3.jpeg\" alt=\"\" title=\"\" height=\"auto\" width=\"auto\" class=\"wp-image-95771\"><\/span><\/a>\n<\/div>\n<\/div>\n<p> <!-- .et_pb_column -->\n<\/div>\n<p> <!-- .et_pb_row --><\/p>\n<div class=\"et_pb_row et_pb_row_3\">\n<div class=\"et_pb_column et_pb_column_4_4 et_pb_column_4  et_pb_css_mix_blend_mode_passthrough et-last-child\">\n<div class=\"et_pb_module et_pb_text et_pb_text_3  et_pb_text_align_left et_pb_bg_layout_light\">\n<div class=\"et_pb_text_inner\">\n<p><strong><a class=\"notion-link-token notion-focusable-token notion-enable-hover\" tabindex=\"0\" href=\"https:\/\/flyphotoprod.wpenginepowered.com\/vacation-photographers\/your-vacation-photographer-in-paris-meet-krystal\/\" rel=\"noopener noreferrer\" data-token-index=\"0\"><span class=\"link-annotation-unknown-block-id--2019962609\">Photo: Krystal in Paris for Flytographer.<\/span><\/a> <\/strong><em>Akane captures memories on <span class=\"link-annotation-unknown-block-id--762994899\">Flytographer\u2019s Emily in Paris photo tour<\/span>.<\/em><!-- notionvc: 48e43fb6-14fc-432b-baaa-91edf262559e --><\/p>\n<\/div>\n<\/div>\n<p> <!-- .et_pb_text -->\n<\/div>\n<p> <!-- .et_pb_column -->\n<\/div>\n<p> <!-- .et_pb_row --><\/p>\n<div class=\"et_pb_row et_pb_row_4\">\n<div class=\"et_pb_column et_pb_column_1_2 et_pb_column_5  et_pb_css_mix_blend_mode_passthrough\">\n<div class=\"et_pb_module et_pb_image et_pb_image_3\">\n<a href=\"https:\/\/flyphotoprod.wpenginepowered.com\/destinations\/paris\/\"><span class=\"et_pb_image_wrap \"><img decoding=\"async\" loading=\"lazy\" src=\"https:\/\/flyphotoprod.wpenginepowered.com\/wp-content\/uploads\/2024\/10\/BOOK-SHOOT_-FLYTOGRAPHER-2.png\" alt=\"\" title=\"\" height=\"auto\" width=\"auto\" class=\"wp-image-95793\"><\/span><\/a>\n<\/div>\n<\/div>\n<p> <!-- .et_pb_column --><\/p>\n<div class=\"et_pb_column et_pb_column_1_2 et_pb_column_6  et_pb_css_mix_blend_mode_passthrough et-last-child et_pb_column_empty\">\n<\/div>\n<p> <!-- .et_pb_column -->\n<\/div>\n<p> <!-- .et_pb_row --><\/p>\n<div class=\"et_pb_row et_pb_row_5\">\n<div class=\"et_pb_column et_pb_column_4_4 et_pb_column_7  et_pb_css_mix_blend_mode_passthrough et-last-child\">\n<div class=\"et_pb_module et_pb_text et_pb_text_4  et_pb_text_align_left et_pb_bg_layout_light\">\n<div class=\"et_pb_text_inner\">\n<h2><b>2. Experience the Stade Roland Garros<\/b><\/h2>\n<p><span style=\"font-weight: 400;\">If you\u2019re a tennis fan \ud83c\udfbe, you can\u2019t miss a visit to Stade Roland Garros, home to the French Open. This iconic sports venue is rich with history and energy, perfect for capturing the spirit of competition. Even if you\u2019re not attending the tournament, a visit to the stadium provides an unforgettable backdrop for photos, especially for sports enthusiasts or anyone looking to experience a different side of Paris. This was one of our favourite Emily in Paris Season 4 filming locations \u2013 everyone loves a tennis outfit moment!<\/span><\/p>\n<h2><b>3. Explore the Neighbourhood of Sacr\u00e9-C\u0153ur<\/b><\/h2>\n<p><span style=\"font-weight: 400;\">Looking for one of the (arguably) best views in the city?! One of the most picturesque spots in Paris, the Sacr\u00e9-C\u0153ur offers incredible views over the city and has been a prominent backdrop in Emily\u2019s adventures. Wander the cobblestone streets of Montmartre, explore the art scene, and climb the steps to the basilica for a breathtaking view of Paris \ud83d\ude0d<\/span><\/p>\n<\/div>\n<\/div>\n<p> <!-- .et_pb_text --><\/p>\n<div class=\"et_pb_module et_pb_image et_pb_image_4\">\n<a href=\"https:\/\/flyphotoprod.wpenginepowered.com\/destinations\/paris\/\"><span class=\"et_pb_image_wrap \"><img decoding=\"async\" loading=\"lazy\" src=\"https:\/\/flyphotoprod.wpenginepowered.com\/wp-content\/uploads\/2024\/10\/emily-in-paris-season-4-flytographer-6.jpeg\" alt=\"\" title=\"\" height=\"auto\" width=\"auto\" class=\"wp-image-95774\"><\/span><\/a>\n<\/div>\n<div class=\"et_pb_module et_pb_image et_pb_image_5\">\n<a href=\"https:\/\/flyphotoprod.wpenginepowered.com\/destinations\/paris\/\"><span class=\"et_pb_image_wrap \"><img decoding=\"async\" loading=\"lazy\" src=\"https:\/\/flyphotoprod.wpenginepowered.com\/wp-content\/uploads\/2024\/10\/emily-in-paris-season-4-flytographer-4.jpeg\" alt=\"\" title=\"\" height=\"auto\" width=\"auto\" class=\"wp-image-95772\"><\/span><\/a>\n<\/div>\n<div class=\"et_pb_module et_pb_image et_pb_image_6\">\n<a href=\"https:\/\/flyphotoprod.wpenginepowered.com\/destinations\/paris\/\"><span class=\"et_pb_image_wrap \"><img decoding=\"async\" loading=\"lazy\" src=\"https:\/\/flyphotoprod.wpenginepowered.com\/wp-content\/uploads\/2024\/10\/emily-in-paris-season-4-flytographer-5.jpeg\" alt=\"\" title=\"\" height=\"auto\" width=\"auto\" class=\"wp-image-95773\"><\/span><\/a>\n<\/div>\n<div class=\"et_pb_module et_pb_text et_pb_text_5  et_pb_text_align_left et_pb_bg_layout_light\">\n<div class=\"et_pb_text_inner\">\n<p>\n<strong><a class=\"notion-link-token notion-focusable-token notion-enable-hover\" tabindex=\"0\" href=\"https:\/\/flyphotoprod.wpenginepowered.com\/vacation-photographers\/your-vacation-photographer-in-paris-meet-rachael\/\" rel=\"noopener noreferrer\" data-token-index=\"0\"><span class=\"link-annotation-unknown-block-id--1253447783\">Photo: Rachael in Paris for Flytographer.<\/span><\/a> <\/strong><em>Susan and partner capture memories in Sacr\u00e9 Coeur &amp; Montmartre.<\/em> <!-- notionvc: a301bb45-d442-486d-a932-5a9245ea3207 --><\/p>\n<\/div>\n<\/div>\n<p> <!-- .et_pb_text -->\n<\/div>\n<p> <!-- .et_pb_column -->\n<\/div>\n<p> <!-- .et_pb_row --><\/p>\n<div class=\"et_pb_row et_pb_row_6\">\n<div class=\"et_pb_column et_pb_column_4_4 et_pb_column_8  et_pb_css_mix_blend_mode_passthrough et-last-child\">\n<div class=\"et_pb_module et_pb_text et_pb_text_6  et_pb_text_align_left et_pb_bg_layout_light\">\n<div class=\"et_pb_text_inner\">\n<h2><b>4. Cross the Pont Neuf Bridge<\/b><\/h2>\n<p><span style=\"font-weight: 400;\">The Pont Neuf is Paris\u2019 oldest standing bridge, offering sweeping views of the Seine. Featured in numerous romantic scenes throughout the series, this is the ideal spot for a leisurely stroll and a must-stop for capturing a glimpse of the Eiffel Tower. Whether it\u2019s golden hour or twilight, the light reflecting off the river is guaranteed to be magical. Being a popular spot, there\u2019s a good chance you\u2019ll run into one of Emily\u2019s love interests \ud83d\udc98<\/span><\/p>\n<h2><b>5. Stay at H\u00f4tel Plaza Ath\u00e9n\u00e9e<\/b><\/h2>\n<p><span style=\"font-weight: 400;\">For a touch of luxury, consider staying at the H\u00f4tel Plaza Ath\u00e9n\u00e9e, a glamorous Parisian landmark where Emily has often crossed paths with high society. Known for its stylish interiors and impeccable service, this hotel offers a variety of special features making it the perfect blend of comfort and luxury. Most notably this season, The Agence Grateau holiday party was held at the elegant H\u00f4tel Plaza Ath\u00e9n\u00e9e, which turns its courtyard into a luxurious, chalet-themed winter wonderland during the Christmas season\ud83c\udf84 Sylvie (Philippine Leroy-Beaulieu) approved of course!<\/span><\/p>\n<p><span style=\"font-weight: 400;\">Our photographers have created a limited edition<\/span> <span style=\"font-weight: 400;\">Emily in Paris Photo Tour<\/span><span style=\"font-weight: 400;\"> where you can capture memories to some of the more classic<\/span> <a href=\"https:\/\/flyphotoprod.wpenginepowered.com\/blog\/emily-in-paris-filming-locations\/\">Emily in <span style=\"font-weight: 400;\">Paris filming locations<\/span><\/a><span style=\"font-weight: 400;\"> from earlier seasons in the show such as Gabriel\u2019s restaurant, Emily\u2019s apartment, the Pantheon and more!<\/span><\/p>\n<\/div>\n<\/div>\n<p> <!-- .et_pb_text --><\/p>\n<div class=\"et_pb_module et_pb_image et_pb_image_7\">\n<a href=\"https:\/\/flyphotoprod.wpenginepowered.com\/destinations\/paris\/\"><span class=\"et_pb_image_wrap \"><img decoding=\"async\" loading=\"lazy\" src=\"https:\/\/flyphotoprod.wpenginepowered.com\/wp-content\/uploads\/2024\/10\/emily-in-paris-season-4-flytographer-9.jpeg\" alt=\"\" title=\"\" height=\"auto\" width=\"auto\" class=\"wp-image-95777\"><\/span><\/a>\n<\/div>\n<\/div>\n<p> <!-- .et_pb_column -->\n<\/div>\n<p> <!-- .et_pb_row --><\/p>\n<div class=\"et_pb_row et_pb_row_7\">\n<div class=\"et_pb_column et_pb_column_1_2 et_pb_column_9  et_pb_css_mix_blend_mode_passthrough\">\n<div class=\"et_pb_module et_pb_image et_pb_image_8\">\n<a href=\"https:\/\/flyphotoprod.wpenginepowered.com\/destinations\/paris\/\"><span class=\"et_pb_image_wrap \"><img decoding=\"async\" loading=\"lazy\" src=\"https:\/\/flyphotoprod.wpenginepowered.com\/wp-content\/uploads\/2024\/10\/emily-in-paris-season-4-flytographer-8.jpeg\" alt=\"\" title=\"\" height=\"auto\" width=\"auto\" class=\"wp-image-95776\"><\/span><\/a>\n<\/div>\n<\/div>\n<p> <!-- .et_pb_column --><\/p>\n<div class=\"et_pb_column et_pb_column_1_2 et_pb_column_10  et_pb_css_mix_blend_mode_passthrough et-last-child\">\n<div class=\"et_pb_module et_pb_image et_pb_image_9\">\n<a href=\"https:\/\/flyphotoprod.wpenginepowered.com\/destinations\/paris\/\"><span class=\"et_pb_image_wrap \"><img decoding=\"async\" loading=\"lazy\" src=\"https:\/\/flyphotoprod.wpenginepowered.com\/wp-content\/uploads\/2024\/10\/emily-in-paris-season-4-flytographer-7.jpeg\" alt=\"\" title=\"\" height=\"auto\" width=\"auto\" class=\"wp-image-95775\"><\/span><\/a>\n<\/div>\n<\/div>\n<p> <!-- .et_pb_column -->\n<\/div>\n<p> <!-- .et_pb_row --><\/p>\n<div id=\"ROME\" class=\"et_pb_row et_pb_row_8\">\n<div class=\"et_pb_column et_pb_column_4_4 et_pb_column_11  et_pb_css_mix_blend_mode_passthrough et-last-child\">\n<div class=\"et_pb_module et_pb_text et_pb_text_7  et_pb_text_align_left et_pb_bg_layout_light\">\n<div class=\"et_pb_text_inner\">\n<p><strong><a class=\"notion-link-token notion-focusable-token notion-enable-hover\" tabindex=\"0\" href=\"https:\/\/flyphotoprod.wpenginepowered.com\/vacation-photographers\/your-vacation-photographer-in-paris-meet-leo\/\" rel=\"noopener noreferrer\" data-token-index=\"0\"><span class=\"link-annotation-unknown-block-id-330368567\">Photo: Leo in Paris for Flytographer.<\/span><\/a> <\/strong><em>Stephanie and partner capture memories on Pont Alexandre III in Paris.<\/em><!-- notionvc: 97615437-94b9-4302-830d-fda9203f28a3 --><\/p>\n<\/div>\n<\/div>\n<p> <!-- .et_pb_text --><\/p>\n<div class=\"et_pb_module et_pb_text et_pb_text_8  et_pb_text_align_left et_pb_bg_layout_light\">\n<div class=\"et_pb_text_inner\">\n<h2 style=\"font-size:26px;\"><b>Emily\u2019s Roman Holiday<\/b><\/h2>\n<p><span style=\"font-weight: 400;\">From Paris to Rome, Emily\u2019s adventures take on a new level of charm in Italy\u2019s capital. The eternal city is the perfect backdrop for any holiday, blending history with romance, and pasta \ud83c\udf5d<\/span><\/p>\n<p><span style=\"font-weight: 400;\">Preserve your Rome adventures effortlessly! Our new<\/span><a href=\"https:\/\/flyphotoprod.wpenginepowered.com\/destinations\/rome\/\"> <span style=\"font-weight: 400;\">Instant Book feature in Rome<\/span><\/a><span style=\"font-weight: 400;\"> lets you secure a photographer at the click of a button. Capture your Italian memories without the wait \u2013 book your photoshoot in a flash! \ud83d\udcf8\u2728<\/span><\/p>\n<h2><b>6. See the Colosseum by Vespa<\/b><\/h2>\n<p><span style=\"font-weight: 400;\">Whether you are living out your Lizzie McGuire fantasy, recreating Audrey Hepburn\u2019s iconic scenes, or channeling your inner Emily, there\u2019s no better way to explore Rome than by zipping around on a Vespa. The Colosseum is one of the most iconic landmarks in the world, and taking in its grandeur while riding a Vespa is as Roman as it gets. \ud83d\udef5<\/span><\/p>\n<\/div>\n<\/div>\n<p> <!-- .et_pb_text --><\/p>\n<div class=\"et_pb_module et_pb_image et_pb_image_10\">\n<a href=\"https:\/\/flyphotoprod.wpenginepowered.com\/destinations\/rome\"><span class=\"et_pb_image_wrap \"><img decoding=\"async\" loading=\"lazy\" src=\"https:\/\/flyphotoprod.wpenginepowered.com\/wp-content\/uploads\/2024\/10\/emily-in-paris-season-4-flytographer-10.jpeg\" alt=\"\" title=\"\" height=\"auto\" width=\"auto\" class=\"wp-image-95778\"><\/span><\/a>\n<\/div>\n<div class=\"et_pb_module et_pb_image et_pb_image_11\">\n<a href=\"https:\/\/flyphotoprod.wpenginepowered.com\/destinations\/rome\"><span class=\"et_pb_image_wrap \"><img decoding=\"async\" loading=\"lazy\" src=\"https:\/\/flyphotoprod.wpenginepowered.com\/wp-content\/uploads\/2024\/10\/emily-in-paris-season-4-flytographer-11.jpeg\" alt=\"\" title=\"\" height=\"auto\" width=\"auto\" class=\"wp-image-95779\"><\/span><\/a>\n<\/div>\n<div class=\"et_pb_module et_pb_text et_pb_text_9  et_pb_text_align_left et_pb_bg_layout_light\">\n<div class=\"et_pb_text_inner\">\n<p><a class=\"notion-link-token notion-focusable-token notion-enable-hover\" tabindex=\"0\" href=\"https:\/\/flyphotoprod.wpenginepowered.com\/vacation-photographers\/your-vacation-photographer-in-rome-meet-roberta\/\" rel=\"noopener noreferrer\" data-token-index=\"0\"><span class=\"link-annotation-unknown-block-id-325310692\"><strong>Photo: Roberta in Rome for Flytographer.<\/strong> <\/span><\/a><em>Marissa and partner capture memories at the Colosseum.<\/em><!-- notionvc: 621b9b58-135b-4f3f-a904-10c2fffa71f7 --><\/p>\n<\/div>\n<\/div>\n<p> <!-- .et_pb_text -->\n<\/div>\n<p> <!-- .et_pb_column -->\n<\/div>\n<p> <!-- .et_pb_row --><\/p>\n<div class=\"et_pb_row et_pb_row_9\">\n<div class=\"et_pb_column et_pb_column_4_4 et_pb_column_12  et_pb_css_mix_blend_mode_passthrough et-last-child\">\n<div class=\"et_pb_module et_pb_text et_pb_text_10  et_pb_text_align_left et_pb_bg_layout_light\">\n<div class=\"et_pb_text_inner\">\n<h2><b>7. Snap a Selfie at the Trevi Fountain<\/b><\/h2>\n<p><span style=\"font-weight: 400;\">No Roman holiday would be complete without a stop at the Trevi Fountain. Featured in countless films, this spot is famous for the tradition of tossing a coin over your shoulder to ensure your return to Rome. Snap a selfie or better yet, have a<\/span><a href=\"https:\/\/flyphotoprod.wpenginepowered.com\/destinations\/rome\"> <span style=\"font-weight: 400;\">Flytographer<\/span><\/a><span style=\"font-weight: 400;\"> capture the moment you toss your coin and make your wish! \ud83e\ude99<\/span><\/p>\n<\/div>\n<\/div>\n<p> <!-- .et_pb_text --><\/p>\n<div class=\"et_pb_module et_pb_image et_pb_image_12\">\n<a href=\"https:\/\/flyphotoprod.wpenginepowered.com\/destinations\/rome\"><span class=\"et_pb_image_wrap \"><img decoding=\"async\" loading=\"lazy\" src=\"https:\/\/flyphotoprod.wpenginepowered.com\/wp-content\/uploads\/2024\/10\/emily-in-paris-season-4-flytographer-12.jpeg\" alt=\"\" title=\"\" height=\"auto\" width=\"auto\" class=\"wp-image-95780\"><\/span><\/a>\n<\/div>\n<div class=\"et_pb_module et_pb_image et_pb_image_13\">\n<a href=\"https:\/\/flyphotoprod.wpenginepowered.com\/destinations\/rome\"><span class=\"et_pb_image_wrap \"><img decoding=\"async\" loading=\"lazy\" src=\"https:\/\/flyphotoprod.wpenginepowered.com\/wp-content\/uploads\/2024\/10\/emily-in-paris-season-4-flytographer-13.jpeg\" alt=\"\" title=\"\" height=\"auto\" width=\"auto\" class=\"wp-image-95781\"><\/span><\/a>\n<\/div>\n<div class=\"et_pb_module et_pb_text et_pb_text_11  et_pb_text_align_left et_pb_bg_layout_light\">\n<div class=\"et_pb_text_inner\">\n<p><strong><a class=\"notion-link-token notion-focusable-token notion-enable-hover\" tabindex=\"0\" href=\"https:\/\/flyphotoprod.wpenginepowered.com\/vacation-photographers\/your-vacation-photographer-in-rome-meet-guido\/\" rel=\"noopener noreferrer\" data-token-index=\"0\"><span class=\"link-annotation-unknown-block-id-911276765\">Photo: Guido in Rome for Flytographer.<\/span><\/a> <\/strong><em>Risa and friends capture memories at the Trevi Fountain.<\/em><!-- notionvc: 497fcd9f-ed6a-464f-9d09-f49a625d2ecf --><\/p>\n<\/div>\n<\/div>\n<p> <!-- .et_pb_text -->\n<\/div>\n<p> <!-- .et_pb_column -->\n<\/div>\n<p> <!-- .et_pb_row --><\/p>\n<div class=\"et_pb_row et_pb_row_11\">\n<div class=\"et_pb_column et_pb_column_1_2 et_pb_column_13  et_pb_css_mix_blend_mode_passthrough\">\n<div class=\"et_pb_module et_pb_code et_pb_code_0\">\n<div class=\"et_pb_code_inner\">\n<div class=\"klaviyo-form-R4unHn\"><\/div>\n<\/div>\n<\/div>\n<p> <!-- .et_pb_code -->\n<\/div>\n<p> <!-- .et_pb_column --><\/p>\n<div class=\"et_pb_column et_pb_column_1_2 et_pb_column_14  et_pb_css_mix_blend_mode_passthrough et-last-child et_pb_column_empty\">\n<\/div>\n<p> <!-- .et_pb_column -->\n<\/div>\n<p> <!-- .et_pb_row --><\/p>\n<div class=\"et_pb_row et_pb_row_12\">\n<div class=\"et_pb_column et_pb_column_4_4 et_pb_column_15  et_pb_css_mix_blend_mode_passthrough et-last-child\">\n<div class=\"et_pb_module et_pb_text et_pb_text_12  et_pb_text_align_left et_pb_bg_layout_light\">\n<div class=\"et_pb_text_inner\">\n<h2><b>8. Walk on the Spanish Steps<\/b><\/h2>\n<p><span style=\"font-weight: 400;\">The Spanish Steps are a bustling spot that offers a fantastic mix of history, art, and Roman life. It\u2019s the perfect place to people-watch, enjoy some gelato, and take in the view. \ud83c\udf67 Be sure to take a few photos as you stroll up the steps and check out the Trinit\u00e0 dei Monti church at the top! The guide to the Emily in Paris Season 4 filming locations would not be complete without mentioning the faux pas on the Spanish Steps\u2026<\/span><\/p>\n<p><span style=\"font-weight: 400;\"><strong>Pro tip:<\/strong> Don\u2019t sit on the Spanish steps like Emily did in the show \u2013 it\u2019s against the local laws! \ud83d\ude48<\/span><\/p>\n<\/div>\n<\/div>\n<p> <!-- .et_pb_text --><\/p>\n<div class=\"et_pb_module et_pb_image et_pb_image_14\">\n<a href=\"https:\/\/flyphotoprod.wpenginepowered.com\/destinations\/rome\"><span class=\"et_pb_image_wrap \"><img decoding=\"async\" loading=\"lazy\" src=\"https:\/\/flyphotoprod.wpenginepowered.com\/wp-content\/uploads\/2024\/10\/emily-in-paris-season-4-flytographer-14.jpeg\" alt=\"\" title=\"\" height=\"auto\" width=\"auto\" class=\"wp-image-95782\"><\/span><\/a>\n<\/div>\n<div class=\"et_pb_module et_pb_image et_pb_image_15\">\n<a href=\"https:\/\/flyphotoprod.wpenginepowered.com\/destinations\/rome\"><span class=\"et_pb_image_wrap \"><img decoding=\"async\" loading=\"lazy\" src=\"https:\/\/flyphotoprod.wpenginepowered.com\/wp-content\/uploads\/2024\/10\/emily-in-paris-season-4-flytographer-15.jpeg\" alt=\"\" title=\"\" height=\"auto\" width=\"auto\" class=\"wp-image-95783\"><\/span><\/a>\n<\/div>\n<div class=\"et_pb_module et_pb_text et_pb_text_13  et_pb_text_align_left et_pb_bg_layout_light\">\n<div class=\"et_pb_text_inner\">\n<p><strong><a class=\"notion-link-token notion-focusable-token notion-enable-hover\" tabindex=\"0\" href=\"https:\/\/flyphotoprod.wpenginepowered.com\/vacation-photographers\/your-vacation-photographer-in-rome-meet-guido\/\" rel=\"noopener noreferrer\" data-token-index=\"0\"><span class=\"link-annotation-unknown-block-id-911276765\">Photo: Guido in Rome for Flytographer.<\/span><\/a> <\/strong><em>Kemi and family capture memories at the Spanish Steps with a family photoshoot.<\/em><\/p>\n<p><!-- notionvc: 8545f07f-d9e9-42b6-8fff-d9029e00b682 --><\/p>\n<\/div>\n<\/div>\n<p> <!-- .et_pb_text -->\n<\/div>\n<p> <!-- .et_pb_column -->\n<\/div>\n<p> <!-- .et_pb_row --><\/p>\n<div class=\"et_pb_row et_pb_row_13\">\n<div class=\"et_pb_column et_pb_column_4_4 et_pb_column_16  et_pb_css_mix_blend_mode_passthrough et-last-child\">\n<div class=\"et_pb_module et_pb_text et_pb_text_14  et_pb_text_align_left et_pb_bg_layout_light\">\n<div class=\"et_pb_text_inner\">\n<h2><b>9. Stay at Hotel Eden<\/b><\/h2>\n<p><span style=\"font-weight: 400;\">Live like Emily and stay where she did at the Hotel Eden! With panoramic views of the city, elegant d\u00e9cor, and top-notch service, Hotel Eden offers the ultimate Italian retreat. Even if you\u2019re not staying, this hotel\u2019s chic design makes it a great spot to stop for a drink or a meal, and of course, a few stunning photos. \u269c\ufe0f<\/span><\/p>\n<h2><b>10. Get the Gossip at Piazza Mattei<\/b><\/h2>\n<p><span style=\"font-weight: 400;\">Spill the tea, or coffee, in this quiet square. Tucked away in the Jewish Quarter, Piazza Mattei is one of Rome\u2019s lesser-known gems but offers a charming glimpse into everyday Roman life. You may recognize it as the spot Mindy has a post-breakup burst of inspiration, before performing an original song for some lucky on-lookers. A great spot to capture some of the beautiful architecture and hidden corners that make Rome so captivating. \ud83c\uddee\ud83c\uddf9<\/span><\/p>\n<\/div>\n<\/div>\n<p> <!-- .et_pb_text --><\/p>\n<div class=\"et_pb_module et_pb_image et_pb_image_16\">\n<a href=\"https:\/\/flyphotoprod.wpenginepowered.com\/destinations\/rome\"><span class=\"et_pb_image_wrap \"><img decoding=\"async\" loading=\"lazy\" src=\"https:\/\/flyphotoprod.wpenginepowered.com\/wp-content\/uploads\/2024\/10\/emily-in-paris-season-4-flytographer-16.jpeg\" alt=\"\" title=\"\" height=\"auto\" width=\"auto\" class=\"wp-image-95784\"><\/span><\/a>\n<\/div>\n<div class=\"et_pb_module et_pb_image et_pb_image_17\">\n<a href=\"https:\/\/flyphotoprod.wpenginepowered.com\/destinations\/rome\"><span class=\"et_pb_image_wrap \"><img decoding=\"async\" loading=\"lazy\" src=\"https:\/\/flyphotoprod.wpenginepowered.com\/wp-content\/uploads\/2024\/10\/emily-in-paris-season-4-flytographer-17.jpeg\" alt=\"\" title=\"\" height=\"auto\" width=\"auto\" class=\"wp-image-95785\"><\/span><\/a>\n<\/div>\n<div class=\"et_pb_module et_pb_text et_pb_text_15  et_pb_text_align_left et_pb_bg_layout_light\">\n<div class=\"et_pb_text_inner\">\n<p><a class=\"notion-link-token notion-focusable-token notion-enable-hover\" tabindex=\"0\" href=\"https:\/\/flyphotoprod.wpenginepowered.com\/vacation-photographers\/your-vacation-photographer-in-rome-meet-roberta\/\" rel=\"noopener noreferrer\" data-token-index=\"0\"><span class=\"link-annotation-unknown-block-id-325310692\"><strong>Photo: Roberta in Rome for Flytographer.<\/strong> <\/span><\/a><em>Rose and family capture memories at the Trevi Fountain and Pantheon with a family photoshoot.<\/em><!-- notionvc: d602e751-f4fa-4830-ab65-4789dac659b3 --><\/p>\n<\/div>\n<\/div>\n<p> <!-- .et_pb_text -->\n<\/div>\n<p> <!-- .et_pb_column -->\n<\/div>\n<p> <!-- .et_pb_row --><\/p>\n<div class=\"et_pb_row et_pb_row_14\">\n<div class=\"et_pb_column et_pb_column_1_2 et_pb_column_17  et_pb_css_mix_blend_mode_passthrough\">\n<div class=\"et_pb_module et_pb_image et_pb_image_18\">\n<a href=\"https:\/\/flyphotoprod.wpenginepowered.com\/destinations\/rome\/\"><span class=\"et_pb_image_wrap \"><img decoding=\"async\" loading=\"lazy\" src=\"https:\/\/flyphotoprod.wpenginepowered.com\/wp-content\/uploads\/2024\/10\/BOOK-SHOOT-discount-driven-_-TO-USE-2-1.png\" alt=\"\" title=\"\" height=\"auto\" width=\"auto\" class=\"wp-image-95794\"><\/span><\/a>\n<\/div>\n<\/div>\n<p> <!-- .et_pb_column --><\/p>\n<div class=\"et_pb_column et_pb_column_1_2 et_pb_column_18  et_pb_css_mix_blend_mode_passthrough et-last-child et_pb_column_empty\">\n<\/div>\n<p> <!-- .et_pb_column -->\n<\/div>\n<p> <!-- .et_pb_row --><\/p>\n<div id=\"ALPS\" class=\"et_pb_row et_pb_row_15\">\n<div class=\"et_pb_column et_pb_column_4_4 et_pb_column_19  et_pb_css_mix_blend_mode_passthrough et-last-child\">\n<div class=\"et_pb_module et_pb_text et_pb_text_16  et_pb_text_align_left et_pb_bg_layout_light\">\n<div class=\"et_pb_text_inner\">\n<h2 style=\"font-size:26px;\"><b>French Alps Getaway<\/b><\/h2>\n<p><span style=\"font-weight: 400;\">Emily\u2019s adventures also take us to the French Alps, where snow-covered mountains and luxury chalets set the scene for some unforgettable moments. Located in the small town Meg\u00e8ve, Emily finds herself spending Christmas with Gabriel, Camille and her family. We don\u2019t know which was frostier, Camille\u2019s family or the snow outside! \u2744\ufe0f Whether you\u2019re a skier or just love the idea of a winter escape, this location is filled with stunning views and cozy charm.<\/span><\/p>\n<h2><b>11. Explore the Town of Meg\u00e8ve<\/b><\/h2>\n<p><span style=\"font-weight: 400;\">Just a short hour\u2019s drive from<\/span><a href=\"https:\/\/flyphotoprod.wpenginepowered.com\/destinations\/annecy\/\"> <span style=\"font-weight: 400;\">Annecy<\/span><\/a><span style=\"font-weight: 400;\"> (Flytographer\u2019s nearest destination), the town of Meg\u00e8ve is a winter wonderland. This charming alpine town is perfect for strolling, shopping, and indulging in some apr\u00e8s-ski treats. With its picturesque streets and snowy backdrop, it\u2019s the ideal place for a winter escape. \ud83c\udfbf<\/span><\/p>\n<\/div>\n<\/div>\n<p> <!-- .et_pb_text --><\/p>\n<div class=\"et_pb_module et_pb_image et_pb_image_19\">\n<a href=\"https:\/\/flyphotoprod.wpenginepowered.com\/destinations\/annecy\"><span class=\"et_pb_image_wrap \"><img decoding=\"async\" loading=\"lazy\" src=\"https:\/\/flyphotoprod.wpenginepowered.com\/wp-content\/uploads\/2024\/10\/emily-in-paris-season-4-flytographer-18.jpeg\" alt=\"\" title=\"\" height=\"auto\" width=\"auto\" class=\"wp-image-95786\"><\/span><\/a>\n<\/div>\n<div class=\"et_pb_module et_pb_text et_pb_text_17  et_pb_text_align_left et_pb_bg_layout_light\">\n<div class=\"et_pb_text_inner\">\n<p><a class=\"notion-link-token notion-focusable-token notion-enable-hover\" tabindex=\"0\" href=\"https:\/\/flyphotoprod.wpenginepowered.com\/vacation-photographers\/your-vacation-photographer-in-annecy-meet-caroline\/\" rel=\"noopener noreferrer\" data-token-index=\"0\"><span class=\"link-annotation-unknown-block-id-1321657447\"><strong>Photo: Caroline in Annecy for Flytographer.<\/strong> <\/span><\/a><em>Justin and partner celebrate their engagement with a surprise proposal photoshoot in Annecy.<\/em><!-- notionvc: 0069f126-6be7-4e34-9e88-396acf8d3dc2 --><\/p>\n<\/div>\n<\/div>\n<p> <!-- .et_pb_text -->\n<\/div>\n<p> <!-- .et_pb_column -->\n<\/div>\n<p> <!-- .et_pb_row --><\/p>\n<div class=\"et_pb_row et_pb_row_16\">\n<div class=\"et_pb_column et_pb_column_4_4 et_pb_column_20  et_pb_css_mix_blend_mode_passthrough et-last-child\">\n<div class=\"et_pb_module et_pb_text et_pb_text_18  et_pb_text_align_left et_pb_bg_layout_light\">\n<div class=\"et_pb_text_inner\">\n<h2><b>12. Ski at Mont d\u2019Arbois<\/b><\/h2>\n<p><span style=\"font-weight: 400;\">For the adventurous traveler, Mont d\u2019Arbois offers some of the best skiing in the region. Whether you\u2019re a seasoned skier or a beginner, hitting the slopes is a must when visiting the French Alps. Handsome Italian men saving you from a <\/span><i><span style=\"font-weight: 400;\">ski-saster<\/span><\/i><span style=\"font-weight: 400;\">, not guaranteed \ud83d\ude09<\/span><\/p>\n<h2><b>13. Stay at Le Chalet des Marie\u2019s Farm<\/b><\/h2>\n<p><span style=\"font-weight: 400;\">Looking for something close to where Emily stayed? How about exactly where Emily stayed! Nestled in the heart of the Alps,<\/span><a href=\"https:\/\/en.fermesdemarie.com\/news\/quand-emily-in-paris-pose-ses-valises-aux-fermes-de-marie-a-megeve\"> <span style=\"font-weight: 400;\">Le Chalet des Marie\u2019s Farm<\/span><\/a><span style=\"font-weight: 400;\"> is the perfect blend of rustic charm and modern luxury. After a day of skiing or exploring, unwind in this cozy chalet with stunning mountain views. This boutique stay offers an intimate escape and provides a beautiful backdrop for capturing your winter holiday moments- sans Love Triangle \ud83d\ude05<\/span><\/p>\n<\/div>\n<\/div>\n<p> <!-- .et_pb_text --><\/p>\n<div class=\"et_pb_module et_pb_image et_pb_image_20\">\n<a href=\"https:\/\/flyphotoprod.wpenginepowered.com\/destinations\/annecy\"><span class=\"et_pb_image_wrap \"><img decoding=\"async\" loading=\"lazy\" src=\"https:\/\/flyphotoprod.wpenginepowered.com\/wp-content\/uploads\/2024\/10\/emily-in-paris-season-4-flytographer-19.jpeg\" alt=\"\" title=\"\" height=\"auto\" width=\"auto\" class=\"wp-image-95787\"><\/span><\/a>\n<\/div>\n<div class=\"et_pb_module et_pb_text et_pb_text_19  et_pb_text_align_left et_pb_bg_layout_light\">\n<div class=\"et_pb_text_inner\">\n<p><a class=\"notion-link-token notion-focusable-token notion-enable-hover\" tabindex=\"0\" href=\"https:\/\/flyphotoprod.wpenginepowered.com\/vacation-photographers\/your-vacation-photographer-in-annecy-meet-caroline\/\" rel=\"noopener noreferrer\" data-token-index=\"0\"><span class=\"link-annotation-unknown-block-id-1321657447\"><strong>Photo: Caroline in Annecy for Flytographer.<\/strong> <\/span><\/a><em>Anthony and partner celebrate their engagement with a surprise proposal photoshoot in Annecy.<\/em><!-- notionvc: 113628d7-7c63-4235-800b-4dfbe20a8adb --><\/p>\n<\/div>\n<\/div>\n<p> <!-- .et_pb_text -->\n<\/div>\n<p> <!-- .et_pb_column -->\n<\/div>\n<p> <!-- .et_pb_row --><\/p>\n<div class=\"et_pb_row et_pb_row_17\">\n<div class=\"et_pb_column et_pb_column_1_2 et_pb_column_21  et_pb_css_mix_blend_mode_passthrough\">\n<div class=\"et_pb_module et_pb_image et_pb_image_21\">\n<a href=\"https:\/\/flyphotoprod.wpenginepowered.com\/destinations\/annecy\/\"><span class=\"et_pb_image_wrap \"><img decoding=\"async\" loading=\"lazy\" src=\"https:\/\/flyphotoprod.wpenginepowered.com\/wp-content\/uploads\/2024\/10\/BOOK-SHOOT-discount-driven-_-TO-USE-1.png\" alt=\"\" title=\"\" height=\"auto\" width=\"auto\" class=\"wp-image-95795\"><\/span><\/a>\n<\/div>\n<\/div>\n<p> <!-- .et_pb_column --><\/p>\n<div class=\"et_pb_column et_pb_column_1_2 et_pb_column_22  et_pb_css_mix_blend_mode_passthrough et-last-child et_pb_column_empty\">\n<\/div>\n<p> <!-- .et_pb_column -->\n<\/div>\n<p> <!-- .et_pb_row --><\/p>\n<div id=\"FAQ\" class=\"et_pb_row et_pb_row_18\">\n<div class=\"et_pb_column et_pb_column_4_4 et_pb_column_23  et_pb_css_mix_blend_mode_passthrough et-last-child\">\n<div class=\"et_pb_module et_pb_text et_pb_text_20  et_pb_text_align_left et_pb_bg_layout_light\">\n<div class=\"et_pb_text_inner\">\n<h2><b>Frequently Asked Questions<\/b><\/h2>\n<h4><b>Is season 4 the last season of Emily in Paris?<\/b><\/h4>\n<p><span style=\"font-weight: 400;\">Non! We\u2019re just getting started \ud83d\udc83 And if this new season taught us anything, it\u2019s that Emily\u2019s storyline goes far beyond the borders of just one country. Where else do you think Emily will go?!<\/span><\/p>\n<h4><b>Will there be a season 5 of Emily in Paris?<\/b><\/h4>\n<p><span style=\"font-weight: 400;\">Oui! Emily in Paris season 5 has been confirmed and was officially announced by Lily Collins during an appearance on <\/span><i><span style=\"font-weight: 400;\">Good Morning America<\/span><\/i><span style=\"font-weight: 400;\">. While the release date for season 5 is yet to be announced. both Collins and show creator Darren Star revealed to<\/span><a href=\"https:\/\/www.netflix.com\/tudum\/articles\/emily-in-paris-season-5-cast-release-date-news\"> <span style=\"font-weight: 400;\">Netflix\u2019s Tudum<\/span><\/a><span style=\"font-weight: 400;\"> that they are looking forward to Emily\u2019s adventures in both Rome, Paris, and beyond!<\/span><\/p>\n<p><span style=\"font-weight: 400;\">There are still so many questions left to be answered! Does Mindy win Eurovision?! Will Emily end up with Marcello (Eugenio Franceschini) or Gabriel? Will Emily ever move back to Chicago? Only time (and season 5) will tell!<\/span><\/p>\n<h4><b>Is Alfie in season 4 of Emily in Paris?<\/b><\/h4>\n<p><span style=\"font-weight: 400;\">Yes! Alfie (Lucien Laviscount) makes a few appearances in season 4, but don\u2019t get your hopes up for a romantic rekindling. Though Emily and Alfie mend ties following the season 3 cliff-hanger, the two go their separate ways knowing that they just won\u2019t work out\u2026for now? \ud83d\ude09<\/span><\/p>\n<\/div>\n<\/div>\n<p> <!-- .et_pb_text --><\/p>\n<div class=\"et_pb_module et_pb_image et_pb_image_22\">\n<a href=\"https:\/\/flyphotoprod.wpenginepowered.com\/destinations\/paris\"><span class=\"et_pb_image_wrap \"><img decoding=\"async\" loading=\"lazy\" src=\"https:\/\/flyphotoprod.wpenginepowered.com\/wp-content\/uploads\/2024\/10\/emily-in-paris-season-4-flytographer-20.jpeg\" alt=\"\" title=\"\" height=\"auto\" width=\"auto\" class=\"wp-image-95788\"><\/span><\/a>\n<\/div>\n<div class=\"et_pb_module et_pb_text et_pb_text_21  et_pb_text_align_left et_pb_bg_layout_light\">\n<div class=\"et_pb_text_inner\">\n<p><strong><a class=\"notion-link-token notion-focusable-token notion-enable-hover\" tabindex=\"0\" href=\"https:\/\/flyphotoprod.wpenginepowered.com\/vacation-photographers\/your-vacation-photographer-in-paris-meet-leo\/\" rel=\"noopener noreferrer\" data-token-index=\"0\"><span class=\"link-annotation-unknown-block-id-330368567\">Photo: Leo in Paris for Flytographer.<\/span><\/a> <\/strong><em>Jennifer and friends capture memories at the Bir-Hakeim Bridge &amp; Eiffel Tower.<\/em> <!-- notionvc: 5ab27404-2472-4ee3-9941-145f0805af74 --><\/p>\n<\/div>\n<\/div>\n<p> <!-- .et_pb_text -->\n<\/div>\n<p> <!-- .et_pb_column -->\n<\/div>\n<p> <!-- .et_pb_row --><\/p>\n<div class=\"et_pb_row et_pb_row_19\">\n<div class=\"et_pb_column et_pb_column_4_4 et_pb_column_24  et_pb_css_mix_blend_mode_passthrough et-last-child\">\n<div class=\"et_pb_module et_pb_text et_pb_text_22  et_pb_text_align_left et_pb_bg_layout_light\">\n<div class=\"et_pb_text_inner\">\n<h2><b>Capturing Memories in France &amp; Italy<\/b><\/h2>\n<p><span style=\"font-weight: 400;\">Spend your winter unlocking your inner Emily with this guide to all of the Emily in Paris Season 4 filming locations! Whether you are retracing her footsteps Rome or Paris, or venturing into the French Alps for a winter escape, Flytographer is here to help you capture your memories in style. Our talented photographers in<\/span> <a href=\"https:\/\/flyphotoprod.wpenginepowered.com\/destinations\/paris\">Paris<\/a>, <a href=\"https:\/\/flyphotoprod.wpenginepowered.com\/destinations\/rome\"><span style=\"font-weight: 400;\">Rome<\/span><\/a><span style=\"font-weight: 400;\"> and<\/span><a href=\"https:\/\/flyphotoprod.wpenginepowered.com\/destinations\/annecy\/\"> <span style=\"font-weight: 400;\">Annecy<\/span><\/a><span style=\"font-weight: 400;\"> are ready to help you create timeless keepsakes from your adventures. \ud83d\udcf8<\/span><\/p>\n<\/div>\n<\/div>\n<p> <!-- .et_pb_text -->\n<\/div>\n<p> <!-- .et_pb_column -->\n<\/div>\n<p> <!-- .et_pb_row -->\n<\/div>\n<p> <!-- .et_pb_section --><\/p>\n<div class=\"et_pb_section et_pb_section_1 featured-testimonials-section featured-testimonials-section--oddit featured-testimonials-section--giftcard-page et_pb_fullwidth_section et_section_regular\">\n<div class=\"et_pb_module et_pb_fullwidth_code et_pb_fullwidth_code_0\">\n<div class=\"et_pb_code_inner\">\n<div class=\"featured-testimonials-header featured-testimonials-header--giftcard-page\">\n<div class=\"featured-testimonial--row\">\n<img decoding=\"async\" class=\"featured-testimonial-star\" src=\"https:\/\/flyphotoprod.wpenginepowered.com\/wp-content\/uploads\/2020\/12\/star-full-icon.png\" scale=\"0\"><br \/>\n<img decoding=\"async\" class=\"featured-testimonial-star\" src=\"https:\/\/flyphotoprod.wpenginepowered.com\/wp-content\/uploads\/2020\/12\/star-full-icon.png\" scale=\"0\"><br \/>\n<img decoding=\"async\" class=\"featured-testimonial-star\" src=\"https:\/\/flyphotoprod.wpenginepowered.com\/wp-content\/uploads\/2020\/12\/star-full-icon.png\" scale=\"0\"><br \/>\n<img decoding=\"async\" class=\"featured-testimonial-star\" src=\"https:\/\/flyphotoprod.wpenginepowered.com\/wp-content\/uploads\/2020\/12\/star-full-icon.png\" scale=\"0\"><br \/>\n<img decoding=\"async\" class=\"featured-testimonial-star\" src=\"https:\/\/flyphotoprod.wpenginepowered.com\/wp-content\/uploads\/2020\/12\/star-full-icon.png\" scale=\"0\">\n<\/div>\n<h1>50,000+ 5 Star reviews from across the globe!<\/h1>\n<\/div>\n<\/div>\n<\/div>\n<p> <!-- .et_pb_fullwidth_code --><\/p>\n<div class=\"et_pb_module et_pb_fullwidth_slider_0 featured-testimonial-slider featured-testimonial-slider--oddit et_pb_slider et_pb_slider_no_arrows et_slider_auto et_slider_speed_7000\">\n<div class=\"et_pb_slides\">\n<div class=\"et_pb_slide et_pb_slide_0 et_pb_bg_layout_dark et_pb_media_alignment_center et-pb-active-slide\" data-slide-id=\"et_pb_slide_0\">\n<div class=\"et_pb_container clearfix\">\n<div class=\"et_pb_slider_container_inner\">\n<div class=\"et_pb_slide_description\">\n<div class=\"et_pb_slide_content\">\n<div class=\"featured-testimonial\">\n<img decoding=\"async\" class=\"featured-testimonial--photo\" src=\"https:\/\/images.flytographer.com\/9c02e049-5fbc-48b6-925a-e49c9db0ed0c\/rome-07-02-2024-just-because-116_500.jpeg\" scale=\"0\"><\/p>\n<div class=\"featured-testimonial--details\">\n<p style=\"margin-bottom: 1rem;\"> \u201cRoberta was phenomenal!!! She took incredible pictures of us and it was such a pleasure having her take our pictures. She\u2019s from Rome and shared some of her favorite sports with us. She was so good with our kids as well knew how to make them giggle and have fun! This was such a fun shoot and the pictures came out so well. Thank you Roberta!\u201d\n<\/p>\n<div class=\"featured-testimonial--row\" style=\"margin-bottom: 1rem;\">\n<img decoding=\"async\" class=\"featured-testimonial-star\" src=\"https:\/\/flyphotoprod.wpenginepowered.com\/wp-content\/uploads\/2020\/12\/star-full-icon.png\" scale=\"0\"><br \/>\n<img decoding=\"async\" class=\"featured-testimonial-star\" src=\"https:\/\/flyphotoprod.wpenginepowered.com\/wp-content\/uploads\/2020\/12\/star-full-icon.png\" scale=\"0\"><br \/>\n<img decoding=\"async\" class=\"featured-testimonial-star\" src=\"https:\/\/flyphotoprod.wpenginepowered.com\/wp-content\/uploads\/2020\/12\/star-full-icon.png\" scale=\"0\"><br \/>\n<img decoding=\"async\" class=\"featured-testimonial-star\" src=\"https:\/\/flyphotoprod.wpenginepowered.com\/wp-content\/uploads\/2020\/12\/star-full-icon.png\" scale=\"0\"><br \/>\n<img decoding=\"async\" class=\"featured-testimonial-star\" src=\"https:\/\/flyphotoprod.wpenginepowered.com\/wp-content\/uploads\/2020\/12\/star-full-icon.png\" scale=\"0\"><br \/>\n<strong>Mathilda<\/strong>\n<\/div>\n<div class=\"featured-testimonial--row\">\n<img decoding=\"async\" class=\"icon--large\" src=\"https:\/\/flyphotoprod.wpenginepowered.com\/wp-content\/uploads\/2018\/07\/camera-blue.png\" scale=\"0\"><br \/>\n<a href=\"https:\/\/flyphotoprod.wpenginepowered.com\/vacation-photographers\/your-vacation-photographer-in-rome-meet-roberta\/\" target=\"_blank\" rel=\"noopener noreferrer\"><strong>Roberta in Rome<span class=\"material-symbols-outlined\">chevron_right<\/span><\/strong><\/a><\/div>\n<div class=\"featured-testimonial--row\">\n<img decoding=\"async\" class=\"icon--large\" src=\"https:\/\/flyphotoprod.wpenginepowered.com\/wp-content\/uploads\/2020\/12\/testimonial-pin-1.png\" scale=\"0\"><\/p>\n<p>The Roman Forum<\/p>\n<\/div>\n<\/div>\n<\/div>\n<\/div>\n<\/div>\n<p> <!-- .et_pb_slide_description -->\n<\/div>\n<\/div>\n<p> <!-- .et_pb_container -->\n<\/div>\n<p> <!-- .et_pb_slide --><\/p>\n<div class=\"et_pb_slide et_pb_slide_1 et_pb_bg_layout_dark et_pb_media_alignment_center\" data-slide-id=\"et_pb_slide_1\">\n<div class=\"et_pb_container clearfix\">\n<div class=\"et_pb_slider_container_inner\">\n<div class=\"et_pb_slide_description\">\n<div class=\"et_pb_slide_content\">\n<div class=\"featured-testimonial\">\n<img decoding=\"async\" class=\"featured-testimonial--photo\" src=\"https:\/\/images.flytographer.com\/6641733a-1179-4df7-bc4e-a57d02d95a17\/rome-05-28-2023-family-trip-29_500.jpeg\" scale=\"0\"><\/p>\n<div class=\"featured-testimonial--details\">\n<p style=\"margin-bottom: 1rem;\"> \u201cGuido was amazing with our families!! He took pictures that we will treasure for a lifetime!! In some areas it was so crowded but Guido made it feel and look like we were the only ones there in the photos! Our 7 children were not easy to capture looking happy all the time but he made it work! Thank you Guido for these wonderful photos we cannot thank you enough!!\u201d\n<\/p>\n<div class=\"featured-testimonial--row\" style=\"margin-bottom: 1rem;\">\n<img decoding=\"async\" class=\"featured-testimonial-star\" src=\"https:\/\/flyphotoprod.wpenginepowered.com\/wp-content\/uploads\/2020\/12\/star-full-icon.png\" scale=\"0\"><br \/>\n<img decoding=\"async\" class=\"featured-testimonial-star\" src=\"https:\/\/flyphotoprod.wpenginepowered.com\/wp-content\/uploads\/2020\/12\/star-full-icon.png\" scale=\"0\"><br \/>\n<img decoding=\"async\" class=\"featured-testimonial-star\" src=\"https:\/\/flyphotoprod.wpenginepowered.com\/wp-content\/uploads\/2020\/12\/star-full-icon.png\" scale=\"0\"><br \/>\n<img decoding=\"async\" class=\"featured-testimonial-star\" src=\"https:\/\/flyphotoprod.wpenginepowered.com\/wp-content\/uploads\/2020\/12\/star-full-icon.png\" scale=\"0\"><br \/>\n<img decoding=\"async\" class=\"featured-testimonial-star\" src=\"https:\/\/flyphotoprod.wpenginepowered.com\/wp-content\/uploads\/2020\/12\/star-full-icon.png\" scale=\"0\"><br \/>\n<strong>Heather<\/strong>\n<\/div>\n<div class=\"featured-testimonial--row\">\n<img decoding=\"async\" class=\"icon--large\" src=\"https:\/\/flyphotoprod.wpenginepowered.com\/wp-content\/uploads\/2018\/07\/camera-blue.png\" scale=\"0\"><br \/>\n<a href=\"https:\/\/flyphotoprod.wpenginepowered.com\/vacation-photographers\/your-vacation-photographer-in-rome-meet-guido\/\" target=\"_blank\" rel=\"noopener noreferrer\"><strong>Guido in Rome<span class=\"material-symbols-outlined\">chevron_right<\/span><\/strong><\/a><\/div>\n<div class=\"featured-testimonial--row\">\n<img decoding=\"async\" class=\"icon--large\" src=\"https:\/\/flyphotoprod.wpenginepowered.com\/wp-content\/uploads\/2020\/12\/testimonial-pin-1.png\" scale=\"0\"><\/p>\n<p>Trevi Fountain and The Pantheon<\/p>\n<\/div>\n<\/div>\n<\/div>\n<\/div>\n<\/div>\n<p> <!-- .et_pb_slide_description -->\n<\/div>\n<\/div>\n<p> <!-- .et_pb_container -->\n<\/div>\n<p> <!-- .et_pb_slide --><\/p>\n<div class=\"et_pb_slide et_pb_slide_2 et_pb_bg_layout_dark et_pb_media_alignment_center\" data-slide-id=\"et_pb_slide_2\">\n<div class=\"et_pb_container clearfix\">\n<div class=\"et_pb_slider_container_inner\">\n<div class=\"et_pb_slide_description\">\n<div class=\"et_pb_slide_content\">\n<div class=\"featured-testimonial\">\n<img decoding=\"async\" class=\"featured-testimonial--photo\" src=\"https:\/\/images.flytographer.com\/2393000c-69e7-4121-b936-22a9f62db345\/rome-04-16-2024-anniversary-58_500.jpeg\" scale=\"0\"><\/p>\n<div class=\"featured-testimonial--details\">\n<p style=\"margin-bottom: 1rem;\"> \u201cOur experience with Francesca was absolutely delightful! She exuded warmth, instantly putting us at ease and filling our time together with laughter. By the end, she felt more like a friend than a photographer. Our pictures turned out beautifully, and we\u2019re immensely grateful to Francesca for capturing these unforgettable memories!\u201d\n<\/p>\n<div class=\"featured-testimonial--row\" style=\"margin-bottom: 1rem;\">\n<img decoding=\"async\" class=\"featured-testimonial-star\" src=\"https:\/\/flyphotoprod.wpenginepowered.com\/wp-content\/uploads\/2020\/12\/star-full-icon.png\" scale=\"0\"><br \/>\n<img decoding=\"async\" class=\"featured-testimonial-star\" src=\"https:\/\/flyphotoprod.wpenginepowered.com\/wp-content\/uploads\/2020\/12\/star-full-icon.png\" scale=\"0\"><br \/>\n<img decoding=\"async\" class=\"featured-testimonial-star\" src=\"https:\/\/flyphotoprod.wpenginepowered.com\/wp-content\/uploads\/2020\/12\/star-full-icon.png\" scale=\"0\"><br \/>\n<img decoding=\"async\" class=\"featured-testimonial-star\" src=\"https:\/\/flyphotoprod.wpenginepowered.com\/wp-content\/uploads\/2020\/12\/star-full-icon.png\" scale=\"0\"><br \/>\n<img decoding=\"async\" class=\"featured-testimonial-star\" src=\"https:\/\/flyphotoprod.wpenginepowered.com\/wp-content\/uploads\/2020\/12\/star-full-icon.png\" scale=\"0\"><br \/>\n<strong>Lauren<\/strong>\n<\/div>\n<div class=\"featured-testimonial--row\">\n<img decoding=\"async\" class=\"icon--large\" src=\"https:\/\/flyphotoprod.wpenginepowered.com\/wp-content\/uploads\/2018\/07\/camera-blue.png\" scale=\"0\"><br \/>\n<a href=\"https:\/\/flyphotoprod.wpenginepowered.com\/vacation-photographers\/your-vacation-photographer-in-rome-meet-francesca\/\" target=\"_blank\" rel=\"noopener noreferrer\"><strong>Francesca V. in Rome<span class=\"material-symbols-outlined\">chevron_right<\/span><\/strong><\/a><\/div>\n<div class=\"featured-testimonial--row\">\n<img decoding=\"async\" class=\"icon--large\" src=\"https:\/\/flyphotoprod.wpenginepowered.com\/wp-content\/uploads\/2020\/12\/testimonial-pin-1.png\" scale=\"0\"><\/p>\n<p>The Pantheon &amp; Streets of Rome<\/p>\n<\/div>\n<\/div>\n<\/div>\n<\/div>\n<\/div>\n<p> <!-- .et_pb_slide_description -->\n<\/div>\n<\/div>\n<p> <!-- .et_pb_container -->\n<\/div>\n<p> <!-- .et_pb_slide -->\n<\/div>\n<p> <!-- .et_pb_slides -->\n<\/div>\n<p> <!-- .et_pb_slider -->\n<\/div>\n<p> <!-- .et_pb_section -->\n<\/div>\n<p><!-- .et_builder_inner_content -->\n<\/div>\n<p><!-- .et-l -->\n<\/div>\n<p><!-- #et-boc --><br \/>\n<span class=\"et_social_bottom_trigger\"><\/span>\t\t\t\t\t\t\t\t\t\t\t\t\t\t\t\t\t<\/p>\n","protected":false},"excerpt":{"rendered":"<p>Are you a fan of the Netflix hit Emily in Paris? Read on for all of the Emily in Paris Season 4 filming locations in France and&#8230; Italy!<\/p>\n","protected":false},"author":36,"featured_media":84012,"comment_status":"open","ping_status":"open","sticky":false,"template":"","format":"standard","meta":{"_acf_changed":false,"_lmt_disableupdate":"yes","_lmt_disable":"","footnotes":""},"categories":[4],"tags":[],"class_list":["post-710","post","type-post","status-publish","format-standard","has-post-thumbnail","hentry","category-flytographer"],"acf":[],"yoast_head":"<!-- This site is optimized with the Yoast SEO plugin v27.2 - https:\/\/yoast.com\/product\/yoast-seo-wordpress\/ -->\n<title>Emily in Paris Season 4 Filming Locations in Rome &amp; the French Alps | Flytographer<\/title>\n<meta name=\"description\" content=\"Are you a fan of the Netflix hit Emily in Paris? Read on for all of the Emily in Paris Season 4 filming locations in France and... Italy!\" \/>\n<meta name=\"robots\" content=\"index, follow, max-snippet:-1, max-image-preview:large, max-video-preview:-1\" \/>\n<link rel=\"canonical\" href=\"https:\/\/flyphotoprod.wpenginepowered.com\/blog\/emily-in-paris-season-4-filming-locations-rome\/\" \/>\n<meta property=\"og:locale\" content=\"en_US\" \/>\n<meta property=\"og:type\" content=\"article\" \/>\n<meta property=\"og:title\" content=\"Emily in Paris Season 4 Filming Locations in Rome &amp; the French Alps | Flytographer\" \/>\n<meta property=\"og:description\" content=\"Are you a fan of the Netflix hit Emily in Paris? Read on for all of the Emily in Paris Season 4 filming locations in France and... Italy!\" \/>\n<meta property=\"og:url\" content=\"https:\/\/flyphotoprod.wpenginepowered.com\/blog\/emily-in-paris-season-4-filming-locations-rome\/\" \/>\n<meta property=\"og:site_name\" content=\"Blog\" \/>\n<meta property=\"article:published_time\" content=\"2024-10-25T19:29:08+00:00\" \/>\n<meta property=\"og:image\" content=\"https:\/\/flyphotoprod.wpenginepowered.com\/wp-content\/uploads\/2024\/10\/710.jpg\" \/>\n\t<meta property=\"og:image:width\" content=\"1800\" \/>\n\t<meta property=\"og:image:height\" content=\"1200\" \/>\n\t<meta property=\"og:image:type\" content=\"image\/jpeg\" \/>\n<meta name=\"author\" content=\"Rochelle\" \/>\n<meta name=\"twitter:card\" content=\"summary_large_image\" \/>\n<meta name=\"twitter:label1\" content=\"Written by\" \/>\n\t<meta name=\"twitter:data1\" content=\"Rochelle\" \/>\n\t<meta name=\"twitter:label2\" content=\"Est. reading time\" \/>\n\t<meta name=\"twitter:data2\" content=\"11 minutes\" \/>\n<script type=\"application\/ld+json\" class=\"yoast-schema-graph\">{\"@context\":\"https:\/\/schema.org\",\"@graph\":[{\"@type\":\"Article\",\"@id\":\"https:\/\/flyphotoprod.wpenginepowered.com\/blog\/emily-in-paris-season-4-filming-locations-rome\/#article\",\"isPartOf\":{\"@id\":\"https:\/\/flyphotoprod.wpenginepowered.com\/blog\/emily-in-paris-season-4-filming-locations-rome\/\"},\"author\":{\"name\":\"Rochelle\",\"@id\":\"https:\/\/flyphotoprod.wpenginepowered.com\/blog\/#\/schema\/person\/d9f8f02b511fdfcd7317d6d862eb96e3\"},\"headline\":\"Emily in Paris Season 4 Filming Locations in Rome &#038; the French Alps\",\"datePublished\":\"2024-10-25T19:29:08+00:00\",\"mainEntityOfPage\":{\"@id\":\"https:\/\/flyphotoprod.wpenginepowered.com\/blog\/emily-in-paris-season-4-filming-locations-rome\/\"},\"wordCount\":2176,\"commentCount\":0,\"image\":{\"@id\":\"https:\/\/flyphotoprod.wpenginepowered.com\/blog\/emily-in-paris-season-4-filming-locations-rome\/#primaryimage\"},\"thumbnailUrl\":\"https:\/\/flyphotoprod.wpenginepowered.com\/wp-content\/uploads\/2024\/10\/710.jpg\",\"articleSection\":[\"Flytographer\"],\"inLanguage\":\"en-US\",\"potentialAction\":[{\"@type\":\"CommentAction\",\"name\":\"Comment\",\"target\":[\"https:\/\/flyphotoprod.wpenginepowered.com\/blog\/emily-in-paris-season-4-filming-locations-rome\/#respond\"]}]},{\"@type\":\"WebPage\",\"@id\":\"https:\/\/flyphotoprod.wpenginepowered.com\/blog\/emily-in-paris-season-4-filming-locations-rome\/\",\"url\":\"https:\/\/flyphotoprod.wpenginepowered.com\/blog\/emily-in-paris-season-4-filming-locations-rome\/\",\"name\":\"Emily in Paris Season 4 Filming Locations in Rome & the French Alps | Flytographer\",\"isPartOf\":{\"@id\":\"https:\/\/flyphotoprod.wpenginepowered.com\/blog\/#website\"},\"primaryImageOfPage\":{\"@id\":\"https:\/\/flyphotoprod.wpenginepowered.com\/blog\/emily-in-paris-season-4-filming-locations-rome\/#primaryimage\"},\"image\":{\"@id\":\"https:\/\/flyphotoprod.wpenginepowered.com\/blog\/emily-in-paris-season-4-filming-locations-rome\/#primaryimage\"},\"thumbnailUrl\":\"https:\/\/flyphotoprod.wpenginepowered.com\/wp-content\/uploads\/2024\/10\/710.jpg\",\"datePublished\":\"2024-10-25T19:29:08+00:00\",\"author\":{\"@id\":\"https:\/\/flyphotoprod.wpenginepowered.com\/blog\/#\/schema\/person\/d9f8f02b511fdfcd7317d6d862eb96e3\"},\"description\":\"Are you a fan of the Netflix hit Emily in Paris? Read on for all of the Emily in Paris Season 4 filming locations in France and... Italy!\",\"breadcrumb\":{\"@id\":\"https:\/\/flyphotoprod.wpenginepowered.com\/blog\/emily-in-paris-season-4-filming-locations-rome\/#breadcrumb\"},\"inLanguage\":\"en-US\",\"potentialAction\":[{\"@type\":\"ReadAction\",\"target\":[\"https:\/\/flyphotoprod.wpenginepowered.com\/blog\/emily-in-paris-season-4-filming-locations-rome\/\"]}]},{\"@type\":\"ImageObject\",\"inLanguage\":\"en-US\",\"@id\":\"https:\/\/flyphotoprod.wpenginepowered.com\/blog\/emily-in-paris-season-4-filming-locations-rome\/#primaryimage\",\"url\":\"https:\/\/flyphotoprod.wpenginepowered.com\/wp-content\/uploads\/2024\/10\/710.jpg\",\"contentUrl\":\"https:\/\/flyphotoprod.wpenginepowered.com\/wp-content\/uploads\/2024\/10\/710.jpg\",\"width\":1800,\"height\":1200},{\"@type\":\"BreadcrumbList\",\"@id\":\"https:\/\/flyphotoprod.wpenginepowered.com\/blog\/emily-in-paris-season-4-filming-locations-rome\/#breadcrumb\",\"itemListElement\":[{\"@type\":\"ListItem\",\"position\":1,\"name\":\"Home\",\"item\":\"https:\/\/flyphotoprod.wpenginepowered.com\/blog\/\"},{\"@type\":\"ListItem\",\"position\":2,\"name\":\"Emily in Paris Season 4 Filming Locations in Rome &#038; the French Alps\"}]},{\"@type\":\"WebSite\",\"@id\":\"https:\/\/flyphotoprod.wpenginepowered.com\/blog\/#website\",\"url\":\"https:\/\/flyphotoprod.wpenginepowered.com\/blog\/\",\"name\":\"Blog\",\"description\":\"Flytographer\",\"potentialAction\":[{\"@type\":\"SearchAction\",\"target\":{\"@type\":\"EntryPoint\",\"urlTemplate\":\"https:\/\/flyphotoprod.wpenginepowered.com\/blog\/?s={search_term_string}\"},\"query-input\":{\"@type\":\"PropertyValueSpecification\",\"valueRequired\":true,\"valueName\":\"search_term_string\"}}],\"inLanguage\":\"en-US\"},{\"@type\":\"Person\",\"@id\":\"https:\/\/flyphotoprod.wpenginepowered.com\/blog\/#\/schema\/person\/d9f8f02b511fdfcd7317d6d862eb96e3\",\"name\":\"Rochelle\",\"image\":{\"@type\":\"ImageObject\",\"inLanguage\":\"en-US\",\"@id\":\"https:\/\/secure.gravatar.com\/avatar\/4247dabf2e16dfcf1cd08775bc4ac9055d41eb9880e0cb482bf230b85586ccb1?s=96&d=mm&r=g\",\"url\":\"https:\/\/secure.gravatar.com\/avatar\/4247dabf2e16dfcf1cd08775bc4ac9055d41eb9880e0cb482bf230b85586ccb1?s=96&d=mm&r=g\",\"contentUrl\":\"https:\/\/secure.gravatar.com\/avatar\/4247dabf2e16dfcf1cd08775bc4ac9055d41eb9880e0cb482bf230b85586ccb1?s=96&d=mm&r=g\",\"caption\":\"Rochelle\"},\"description\":\"Rochelle is a professional travel writer with a focus on Digital Marketing and Communications. She specializes in covering trends in the travel industry while also weaving in references to pop culture. When she\u2019s not behind the laptop, you can find her soaking up life in Vancouver Island, Canada.\",\"sameAs\":[\"https:\/\/www.instagram.com\/rochellereierson\/\",\"https:\/\/www.linkedin.com\/in\/rochelle-reierson\/\"],\"url\":\"https:\/\/flyphotoprod.wpenginepowered.com\/blog\/author\/rochelle\/\"}]}<\/script>\n<!-- \/ Yoast SEO plugin. -->","yoast_head_json":{"title":"Emily in Paris Season 4 Filming Locations in Rome & the French Alps | Flytographer","description":"Are you a fan of the Netflix hit Emily in Paris? Read on for all of the Emily in Paris Season 4 filming locations in France and... Italy!","robots":{"index":"index","follow":"follow","max-snippet":"max-snippet:-1","max-image-preview":"max-image-preview:large","max-video-preview":"max-video-preview:-1"},"canonical":"https:\/\/flyphotoprod.wpenginepowered.com\/blog\/emily-in-paris-season-4-filming-locations-rome\/","og_locale":"en_US","og_type":"article","og_title":"Emily in Paris Season 4 Filming Locations in Rome & the French Alps | Flytographer","og_description":"Are you a fan of the Netflix hit Emily in Paris? Read on for all of the Emily in Paris Season 4 filming locations in France and... Italy!","og_url":"https:\/\/flyphotoprod.wpenginepowered.com\/blog\/emily-in-paris-season-4-filming-locations-rome\/","og_site_name":"Blog","article_published_time":"2024-10-25T19:29:08+00:00","og_image":[{"width":1800,"height":1200,"url":"https:\/\/flyphotoprod.wpenginepowered.com\/wp-content\/uploads\/2024\/10\/710.jpg","type":"image\/jpeg"}],"author":"Rochelle","twitter_card":"summary_large_image","twitter_misc":{"Written by":"Rochelle","Est. reading time":"11 minutes"},"schema":{"@context":"https:\/\/schema.org","@graph":[{"@type":"Article","@id":"https:\/\/flyphotoprod.wpenginepowered.com\/blog\/emily-in-paris-season-4-filming-locations-rome\/#article","isPartOf":{"@id":"https:\/\/flyphotoprod.wpenginepowered.com\/blog\/emily-in-paris-season-4-filming-locations-rome\/"},"author":{"name":"Rochelle","@id":"https:\/\/flyphotoprod.wpenginepowered.com\/blog\/#\/schema\/person\/d9f8f02b511fdfcd7317d6d862eb96e3"},"headline":"Emily in Paris Season 4 Filming Locations in Rome &#038; the French Alps","datePublished":"2024-10-25T19:29:08+00:00","mainEntityOfPage":{"@id":"https:\/\/flyphotoprod.wpenginepowered.com\/blog\/emily-in-paris-season-4-filming-locations-rome\/"},"wordCount":2176,"commentCount":0,"image":{"@id":"https:\/\/flyphotoprod.wpenginepowered.com\/blog\/emily-in-paris-season-4-filming-locations-rome\/#primaryimage"},"thumbnailUrl":"https:\/\/flyphotoprod.wpenginepowered.com\/wp-content\/uploads\/2024\/10\/710.jpg","articleSection":["Flytographer"],"inLanguage":"en-US","potentialAction":[{"@type":"CommentAction","name":"Comment","target":["https:\/\/flyphotoprod.wpenginepowered.com\/blog\/emily-in-paris-season-4-filming-locations-rome\/#respond"]}]},{"@type":"WebPage","@id":"https:\/\/flyphotoprod.wpenginepowered.com\/blog\/emily-in-paris-season-4-filming-locations-rome\/","url":"https:\/\/flyphotoprod.wpenginepowered.com\/blog\/emily-in-paris-season-4-filming-locations-rome\/","name":"Emily in Paris Season 4 Filming Locations in Rome & the French Alps | Flytographer","isPartOf":{"@id":"https:\/\/flyphotoprod.wpenginepowered.com\/blog\/#website"},"primaryImageOfPage":{"@id":"https:\/\/flyphotoprod.wpenginepowered.com\/blog\/emily-in-paris-season-4-filming-locations-rome\/#primaryimage"},"image":{"@id":"https:\/\/flyphotoprod.wpenginepowered.com\/blog\/emily-in-paris-season-4-filming-locations-rome\/#primaryimage"},"thumbnailUrl":"https:\/\/flyphotoprod.wpenginepowered.com\/wp-content\/uploads\/2024\/10\/710.jpg","datePublished":"2024-10-25T19:29:08+00:00","author":{"@id":"https:\/\/flyphotoprod.wpenginepowered.com\/blog\/#\/schema\/person\/d9f8f02b511fdfcd7317d6d862eb96e3"},"description":"Are you a fan of the Netflix hit Emily in Paris? Read on for all of the Emily in Paris Season 4 filming locations in France and... Italy!","breadcrumb":{"@id":"https:\/\/flyphotoprod.wpenginepowered.com\/blog\/emily-in-paris-season-4-filming-locations-rome\/#breadcrumb"},"inLanguage":"en-US","potentialAction":[{"@type":"ReadAction","target":["https:\/\/flyphotoprod.wpenginepowered.com\/blog\/emily-in-paris-season-4-filming-locations-rome\/"]}]},{"@type":"ImageObject","inLanguage":"en-US","@id":"https:\/\/flyphotoprod.wpenginepowered.com\/blog\/emily-in-paris-season-4-filming-locations-rome\/#primaryimage","url":"https:\/\/flyphotoprod.wpenginepowered.com\/wp-content\/uploads\/2024\/10\/710.jpg","contentUrl":"https:\/\/flyphotoprod.wpenginepowered.com\/wp-content\/uploads\/2024\/10\/710.jpg","width":1800,"height":1200},{"@type":"BreadcrumbList","@id":"https:\/\/flyphotoprod.wpenginepowered.com\/blog\/emily-in-paris-season-4-filming-locations-rome\/#breadcrumb","itemListElement":[{"@type":"ListItem","position":1,"name":"Home","item":"https:\/\/flyphotoprod.wpenginepowered.com\/blog\/"},{"@type":"ListItem","position":2,"name":"Emily in Paris Season 4 Filming Locations in Rome &#038; the French Alps"}]},{"@type":"WebSite","@id":"https:\/\/flyphotoprod.wpenginepowered.com\/blog\/#website","url":"https:\/\/flyphotoprod.wpenginepowered.com\/blog\/","name":"Blog","description":"Flytographer","potentialAction":[{"@type":"SearchAction","target":{"@type":"EntryPoint","urlTemplate":"https:\/\/flyphotoprod.wpenginepowered.com\/blog\/?s={search_term_string}"},"query-input":{"@type":"PropertyValueSpecification","valueRequired":true,"valueName":"search_term_string"}}],"inLanguage":"en-US"},{"@type":"Person","@id":"https:\/\/flyphotoprod.wpenginepowered.com\/blog\/#\/schema\/person\/d9f8f02b511fdfcd7317d6d862eb96e3","name":"Rochelle","image":{"@type":"ImageObject","inLanguage":"en-US","@id":"https:\/\/secure.gravatar.com\/avatar\/4247dabf2e16dfcf1cd08775bc4ac9055d41eb9880e0cb482bf230b85586ccb1?s=96&d=mm&r=g","url":"https:\/\/secure.gravatar.com\/avatar\/4247dabf2e16dfcf1cd08775bc4ac9055d41eb9880e0cb482bf230b85586ccb1?s=96&d=mm&r=g","contentUrl":"https:\/\/secure.gravatar.com\/avatar\/4247dabf2e16dfcf1cd08775bc4ac9055d41eb9880e0cb482bf230b85586ccb1?s=96&d=mm&r=g","caption":"Rochelle"},"description":"Rochelle is a professional travel writer with a focus on Digital Marketing and Communications. She specializes in covering trends in the travel industry while also weaving in references to pop culture. When she\u2019s not behind the laptop, you can find her soaking up life in Vancouver Island, Canada.","sameAs":["https:\/\/www.instagram.com\/rochellereierson\/","https:\/\/www.linkedin.com\/in\/rochelle-reierson\/"],"url":"https:\/\/flyphotoprod.wpenginepowered.com\/blog\/author\/rochelle\/"}]}},"modified_by":null,"_links":{"self":[{"href":"https:\/\/flyphotoprod.wpenginepowered.com\/blog\/wp-json\/wp\/v2\/posts\/710","targetHints":{"allow":["GET"]}}],"collection":[{"href":"https:\/\/flyphotoprod.wpenginepowered.com\/blog\/wp-json\/wp\/v2\/posts"}],"about":[{"href":"https:\/\/flyphotoprod.wpenginepowered.com\/blog\/wp-json\/wp\/v2\/types\/post"}],"author":[{"embeddable":true,"href":"https:\/\/flyphotoprod.wpenginepowered.com\/blog\/wp-json\/wp\/v2\/users\/36"}],"replies":[{"embeddable":true,"href":"https:\/\/flyphotoprod.wpenginepowered.com\/blog\/wp-json\/wp\/v2\/comments?post=710"}],"version-history":[{"count":0,"href":"https:\/\/flyphotoprod.wpenginepowered.com\/blog\/wp-json\/wp\/v2\/posts\/710\/revisions"}],"wp:featuredmedia":[{"embeddable":true,"href":"https:\/\/flyphotoprod.wpenginepowered.com\/blog\/wp-json\/wp\/v2\/media\/84012"}],"wp:attachment":[{"href":"https:\/\/flyphotoprod.wpenginepowered.com\/blog\/wp-json\/wp\/v2\/media?parent=710"}],"wp:term":[{"taxonomy":"category","embeddable":true,"href":"https:\/\/flyphotoprod.wpenginepowered.com\/blog\/wp-json\/wp\/v2\/categories?post=710"},{"taxonomy":"post_tag","embeddable":true,"href":"https:\/\/flyphotoprod.wpenginepowered.com\/blog\/wp-json\/wp\/v2\/tags?post=710"}],"curies":[{"name":"wp","href":"https:\/\/api.w.org\/{rel}","templated":true}]}}