{"id":474,"date":"2022-10-28T15:00:18","date_gmt":"2022-10-28T15:00:18","guid":{"rendered":"https:\/\/www.flytographer.com\/blog\/best-places-to-take-photos-quebec-city\/"},"modified":"2022-10-28T15:00:18","modified_gmt":"2022-10-28T15:00:18","slug":"best-places-to-take-photos-quebec-city","status":"publish","type":"post","link":"https:\/\/flyphotoprod.wpenginepowered.com\/blog\/best-places-to-take-photos-quebec-city\/","title":{"rendered":"Top 10 Places to Take Photos in Quebec City"},"content":{"rendered":"<div id=\"et-boc\" class=\"et-boc\">\n<div class=\"et-l et-l--post\">\n<div class=\"et_builder_inner_content et_pb_gutters3\">\n<div class=\"et_pb_section et_pb_section_0 et_section_regular\">\n<div class=\"et_pb_row et_pb_row_0\">\n<div class=\"et_pb_column et_pb_column_4_4 et_pb_column_0  et_pb_css_mix_blend_mode_passthrough et-last-child\">\n<div class=\"et_pb_module et_pb_text et_pb_text_0  et_pb_text_align_left et_pb_bg_layout_light\">\n<div class=\"et_pb_text_inner\">\n<h2><b>Photo spots in Quebec City<\/b><\/h2>\n<p><span style=\"font-weight: 400;\">One of the most beautiful places in Canada, Quebec City is a must-see destination. Both the capital city of Quebec and a UNESCO World Heritage site, this French-Canadian wonder invites visitors to enjoy an experience that is rich in history and charm. Wander the cobblestone streets of Basse-Ville, stroll down Petit-Champlain, and discover natural beauty along the St. Lawrence River. <\/span><span style=\"font-weight: 400;\">Here at<\/span><a href=\"https:\/\/flyphotoprod.wpenginepowered.com\/\"> <span style=\"font-weight: 400;\">\u200b\u200bFlytographer<\/span><\/a><span style=\"font-weight: 400;\">, we easily connect people with trusted photographers for fun photo shoots and have captured over four million memories worldwide. Today, we asked our local photographers in Quebec City to show us around all the very best spots for pictures. Old-world charm paired with modern innovation makes for an incredible city filled with photo opportunities. Let\u2019s walk through ten of the best places to take photos in Quebec City. \ud83d\udcf8<\/span><\/p>\n<\/div>\n<\/div>\n<p> <!-- .et_pb_text --><\/p>\n<div class=\"et_pb_module et_pb_image et_pb_image_0\">\n<a href=\"https:\/\/flytog.me\/Book-Quebec-City\"><span class=\"et_pb_image_wrap \"><img decoding=\"async\" loading=\"lazy\" src=\"https:\/\/flyphotoprod.wpenginepowered.com\/wp-content\/uploads\/2022\/10\/photo-spots-quebec-city-photographer-flytographer-1.jpeg\" alt=\"\" title=\"\" height=\"auto\" width=\"auto\" class=\"wp-image-79138\"><\/span><\/a>\n<\/div>\n<div class=\"et_pb_module et_pb_image et_pb_image_1\">\n<a href=\"https:\/\/flytog.me\/Book-Quebec-City\"><span class=\"et_pb_image_wrap \"><img decoding=\"async\" loading=\"lazy\" src=\"https:\/\/flyphotoprod.wpenginepowered.com\/wp-content\/uploads\/2022\/10\/photo-spots-quebec-city-photographer-flytographer-2.jpeg\" alt=\"\" title=\"\" height=\"auto\" width=\"auto\" class=\"wp-image-79139\"><\/span><\/a>\n<\/div>\n<div class=\"et_pb_module et_pb_text et_pb_text_1  et_pb_text_align_left et_pb_bg_layout_light\">\n<div class=\"et_pb_text_inner\">\n<p><strong><a class=\"notion-link-token notion-enable-hover\" href=\"https:\/\/flyphotoprod.wpenginepowered.com\/vacation-photographers\/your-vacation-photographer-in-quebec-city-meet-francis\/\" target=\"_blank\" rel=\"noopener noreferrer\" data-token-index=\"0\" data-reactroot=\"\"><span class=\"link-annotation-unknown-block-id--2032418905\">Photo: Francis in Quebec City for Flytographer.<\/span><\/a> <\/strong><em>Nolan and partner capture memories of their engagement at Chateau Frontenac in Quebec City on a proposal photoshoot.<\/em> <!-- --><\/p>\n<\/div>\n<\/div>\n<p> <!-- .et_pb_text -->\n<\/div>\n<p> <!-- .et_pb_column -->\n<\/div>\n<p> <!-- .et_pb_row --><\/p>\n<div class=\"et_pb_row et_pb_row_1\">\n<div class=\"et_pb_column et_pb_column_4_4 et_pb_column_1  et_pb_css_mix_blend_mode_passthrough et-last-child\">\n<div class=\"et_pb_module et_pb_text et_pb_text_2  et_pb_text_align_left et_pb_bg_layout_light\">\n<div class=\"et_pb_text_inner\">\n<h2><b>1. Ch\u00e2teau Frontenac<\/b><\/h2>\n<p>With its castle-like architecture and impressive position along the St. Lawrence River, it\u2019s easy to understand why Fairmont Le Chateau Frontenac is Quebec City\u2019s most iconic landmark. \ud83d\ude0d In fact, this historic hotel is considered the most photographed hotel in the world.<\/p>\n<p><span style=\"font-weight: 400;\">As soon as you\u2019re in front of it, you\u2019ll understand why. Constructed in 19th-century Ch\u00e2teauesque-style, its multiple turrets stretch toward the sky. \ud83c\udff0 Red brick, green rooftops, and stone archways add to the regal feel of this magnificent building. It is truly a sight to behold.<\/span><\/p>\n<p><span style=\"font-weight: 400;\">Bordered by the lush Place d\u2019Armes and picturesque wooden boardwalk, Dufferin Terrace, the stunning hotel is surrounded by beautiful scenery \u2014 perfect for fantastic photo opportunities. For the best vantage point, wander along Dufferin Terrace. You\u2019ll have panoramic views of the St. Lawrence River and the city skyline on one side, and incredible views of Ch\u00e2teau Frontenac on the other \u2014 arguably, the most Instagrammable place in Quebec City!<\/span><\/p>\n<p><span style=\"font-weight: 400;\">\ud83d\udca1Travel tip: Fairmont Le Chateau Frontenac offers a guided tour, where you\u2019ll learn the history of the building and surrounding areas.<\/span><\/p>\n<\/div>\n<\/div>\n<p> <!-- .et_pb_text --><\/p>\n<div class=\"et_pb_module et_pb_image et_pb_image_2\">\n<a href=\"https:\/\/flytog.me\/Book-Quebec-City\"><span class=\"et_pb_image_wrap \"><img decoding=\"async\" loading=\"lazy\" src=\"https:\/\/flyphotoprod.wpenginepowered.com\/wp-content\/uploads\/2022\/10\/photo-spots-quebec-city-photographer-flytographer-5.jpeg\" alt=\"\" title=\"\" height=\"auto\" width=\"auto\" class=\"wp-image-79142\"><\/span><\/a>\n<\/div>\n<\/div>\n<p> <!-- .et_pb_column -->\n<\/div>\n<p> <!-- .et_pb_row --><\/p>\n<div class=\"et_pb_row et_pb_row_2\">\n<div class=\"et_pb_column et_pb_column_1_2 et_pb_column_2  et_pb_css_mix_blend_mode_passthrough\">\n<div class=\"et_pb_module et_pb_image et_pb_image_3\">\n<a href=\"https:\/\/flytog.me\/Book-Quebec-City\"><span class=\"et_pb_image_wrap \"><img decoding=\"async\" loading=\"lazy\" src=\"https:\/\/flyphotoprod.wpenginepowered.com\/wp-content\/uploads\/2022\/10\/photo-spots-quebec-city-photographer-flytographer-3.jpeg\" alt=\"\" title=\"\" height=\"auto\" width=\"auto\" class=\"wp-image-79140\"><\/span><\/a>\n<\/div>\n<\/div>\n<p> <!-- .et_pb_column --><\/p>\n<div class=\"et_pb_column et_pb_column_1_2 et_pb_column_3  et_pb_css_mix_blend_mode_passthrough et-last-child\">\n<div class=\"et_pb_module et_pb_image et_pb_image_4\">\n<a href=\"https:\/\/flytog.me\/Book-Quebec-City\"><span class=\"et_pb_image_wrap \"><img decoding=\"async\" loading=\"lazy\" src=\"https:\/\/flyphotoprod.wpenginepowered.com\/wp-content\/uploads\/2022\/10\/photo-spots-quebec-city-photographer-flytographer-4.jpeg\" alt=\"\" title=\"\" height=\"auto\" width=\"auto\" class=\"wp-image-79141\"><\/span><\/a>\n<\/div>\n<\/div>\n<p> <!-- .et_pb_column -->\n<\/div>\n<p> <!-- .et_pb_row --><\/p>\n<div class=\"et_pb_row et_pb_row_3\">\n<div class=\"et_pb_column et_pb_column_4_4 et_pb_column_4  et_pb_css_mix_blend_mode_passthrough et-last-child\">\n<div class=\"et_pb_module et_pb_text et_pb_text_3  et_pb_text_align_left et_pb_bg_layout_light\">\n<div class=\"et_pb_text_inner\">\n<p><strong><a class=\"notion-link-token notion-enable-hover\" href=\"https:\/\/flyphotoprod.wpenginepowered.com\/vacation-photographers\/your-vacation-photographer-in-quebec-city-meet-elisa\/\" target=\"_blank\" rel=\"noopener noreferrer\" data-token-index=\"0\" data-reactroot=\"\"><span class=\"link-annotation-unknown-block-id-714794987\">Photo: Elisa in Quebec City for Flytographer<\/span><\/a><span class=\"notion-enable-hover\" data-token-index=\"1\" data-reactroot=\"\">. <\/span><\/strong><em>Dayna and partner capture memories of their anniversary at Quartier Petit Champlain in Quebec City on an anniversary photoshoot.<\/em> <!-- --> <br \/><!-- --><\/p>\n<\/div>\n<\/div>\n<p> <!-- .et_pb_text --><\/p>\n<div class=\"et_pb_module et_pb_text et_pb_text_4  et_pb_text_align_left et_pb_bg_layout_light\">\n<div class=\"et_pb_text_inner\">\n<h2><b>2. Quartier Petit Champlain<\/b><\/h2>\n<p><span style=\"font-weight: 400;\">Quartier Petit-Champlain is a vibrant area located within Old Quebec\u2019s Lower Town, below the walls of the city. Here you\u2019ll find iconic Quebec City attractions, including the Place Royale, Old Quebec Funicular, and Petit-Champlain. When you visit this district, you\u2019ll glimpse into the past, as this is where Quebec City was founded over 400 years ago. French architecture dominates the area, giving the neighbourhood a distinctly French feel.&nbsp;<\/span><\/p>\n<p><span style=\"font-weight: 400;\">To get to Quartier Petit-Champlain, there are multiple options. If you\u2019re coming from Chateau Frontenac, consider taking the Old Quebec Funicular, which connects Dufferin Terrace to Lower Town. Built in 1879, the funicular offers a lovely view of the postcard-perfect neighbourhood.&nbsp;<\/span><\/p>\n<p><span style=\"font-weight: 400;\">Alternatively, there are several staircases leading to the area, the most famous being Escalier Casse-Cou,<\/span> <span style=\"font-weight: 400;\">or Breakneck Steps. The oldest staircase in Quebec City, Breakneck Steps offers an incredible view all the way down Petit-Champlain, making it one of the best places to take photos in Quebec City. \ud83d\udcf8<\/span><\/p>\n<p><span style=\"font-weight: 400;\">Petit-Champlain is a charming pedestrian street that will make you feel as though you\u2019ve stepped into a fairy tale. Cobblestone streets, one-of-a-kind boutiques, and cozy cafes create a truly photogenic scene. Throughout the winter, the street is decorated with twinkling lights and festive decor, creating a particularly magical experience. \u2728<\/span><\/p>\n<p><span style=\"font-weight: 400;\">After exploring all that Petit-Champlain has to offer, be sure to wander through the rest of the district. Visit Place Royale, a quaint square and the site where Quebec City was founded in the 17th century. Stroll through the surrounding streets and alleyways, where you\u2019ll discover vibrant murals decorating historical buildings \u2014 a picture-perfect scene! \ud83d\ude0d<\/span><\/p>\n<\/div>\n<\/div>\n<p> <!-- .et_pb_text --><\/p>\n<div class=\"et_pb_module et_pb_image et_pb_image_5\">\n<a href=\"https:\/\/flytog.me\/Book-Quebec-City\"><span class=\"et_pb_image_wrap \"><img decoding=\"async\" loading=\"lazy\" src=\"https:\/\/flyphotoprod.wpenginepowered.com\/wp-content\/uploads\/2022\/10\/photo-spots-quebec-city-photographer-flytographer-6.jpeg\" alt=\"\" title=\"\" height=\"auto\" width=\"auto\" class=\"wp-image-79143\"><\/span><\/a>\n<\/div>\n<div class=\"et_pb_module et_pb_image et_pb_image_6\">\n<a href=\"https:\/\/flytog.me\/Book-Quebec-City\"><span class=\"et_pb_image_wrap \"><img decoding=\"async\" loading=\"lazy\" src=\"https:\/\/flyphotoprod.wpenginepowered.com\/wp-content\/uploads\/2022\/10\/photo-spots-quebec-city-photographer-flytographer-7.jpeg\" alt=\"\" title=\"\" height=\"auto\" width=\"auto\" class=\"wp-image-79144\"><\/span><\/a>\n<\/div>\n<div class=\"et_pb_module et_pb_text et_pb_text_5  et_pb_text_align_left et_pb_bg_layout_light\">\n<div class=\"et_pb_text_inner\">\n<p><strong><a class=\"notion-link-token notion-enable-hover\" href=\"https:\/\/flyphotoprod.wpenginepowered.com\/vacation-photographers\/your-vacation-photographer-in-quebec-city-meet-elisa\/\" target=\"_blank\" rel=\"noopener noreferrer\" data-token-index=\"0\" data-reactroot=\"\"><span class=\"link-annotation-unknown-block-id-714794987\">Photo: Elisa in Quebec City for Flytographer<\/span><\/a><\/strong><span class=\"notion-enable-hover\" data-token-index=\"1\" data-reactroot=\"\"><strong>.<\/strong> <\/span><em>Catherine and partner capture memories of their trip at Quartier Petit Champlain in Quebec City on a couples photoshoot.<\/em> <!-- --> <br \/><!-- --><\/p>\n<\/div>\n<\/div>\n<p> <!-- .et_pb_text -->\n<\/div>\n<p> <!-- .et_pb_column -->\n<\/div>\n<p> <!-- .et_pb_row --><\/p>\n<div class=\"et_pb_row et_pb_row_4\">\n<div class=\"et_pb_column et_pb_column_1_2 et_pb_column_5  et_pb_css_mix_blend_mode_passthrough\">\n<div class=\"et_pb_module et_pb_image et_pb_image_7\">\n<a href=\"https:\/\/flytog.me\/Book-Quebec-City\"><span class=\"et_pb_image_wrap \"><img decoding=\"async\" loading=\"lazy\" src=\"https:\/\/flyphotoprod.wpenginepowered.com\/wp-content\/uploads\/2022\/10\/CTA-QUEBEC-CITY-Flytographer-Value-Driven-1.png\" alt=\"\" title=\"\" height=\"auto\" width=\"auto\" class=\"wp-image-79176\"><\/span><\/a>\n<\/div>\n<\/div>\n<p> <!-- .et_pb_column --><\/p>\n<div class=\"et_pb_column et_pb_column_1_2 et_pb_column_6  et_pb_css_mix_blend_mode_passthrough et-last-child et_pb_column_empty\">\n<\/div>\n<p> <!-- .et_pb_column -->\n<\/div>\n<p> <!-- .et_pb_row --><\/p>\n<div class=\"et_pb_row et_pb_row_5\">\n<div class=\"et_pb_column et_pb_column_4_4 et_pb_column_7  et_pb_css_mix_blend_mode_passthrough et-last-child\">\n<div class=\"et_pb_module et_pb_text et_pb_text_6  et_pb_text_align_left et_pb_bg_layout_light\">\n<div class=\"et_pb_text_inner\">\n<h2><b>3. Parliament Hill<\/b><\/h2>\n<p><span style=\"font-weight: 400;\">Located in Upper Town, Parliament Hill is home to various government buildings, Grande All\u00e9e, and the famous Plains of Abraham. The majestic Parliament Building dominates the scene. Inspired by the Louvre in Paris, its impressive facade is decorated with intricate brickwork, and sweeping staircases that lead to the arched front door. Lovely legislature grounds, a beautiful pathway, and the photogenic Tourny Fountain all come together to create an elegant scene well worth capturing. \ud83d\udcf8<\/span><\/p>\n<p><span style=\"font-weight: 400;\">\ud83d\udca1Travel tip: To learn more about the history of the area, take a<\/span><a href=\"https:\/\/www.quebec-cite.com\/en\/businesses\/hotel-du-parlement\"> <span style=\"font-weight: 400;\">free guided tour<\/span><\/a><span style=\"font-weight: 400;\"> of the Parliament Building. The 75-minute tour explains the history and processes of Quebec\u2019s parliamentary proceedings, as well as the history of the province of Quebec itself.<\/span><\/p>\n<\/div>\n<\/div>\n<p> <!-- .et_pb_text --><\/p>\n<div class=\"et_pb_module et_pb_image et_pb_image_8\">\n<a href=\"https:\/\/flytog.me\/Book-Quebec-City\"><span class=\"et_pb_image_wrap \"><img decoding=\"async\" loading=\"lazy\" src=\"https:\/\/flyphotoprod.wpenginepowered.com\/wp-content\/uploads\/2022\/10\/photo-spots-quebec-city-photographer-flytographer-8.jpeg\" alt=\"\" title=\"\" height=\"auto\" width=\"auto\" class=\"wp-image-79145\"><\/span><\/a>\n<\/div>\n<div class=\"et_pb_module et_pb_image et_pb_image_9\">\n<a href=\"https:\/\/flytog.me\/Book-Quebec-City\"><span class=\"et_pb_image_wrap \"><img decoding=\"async\" loading=\"lazy\" src=\"https:\/\/flyphotoprod.wpenginepowered.com\/wp-content\/uploads\/2022\/10\/photo-spots-quebec-city-photographer-flytographer-9.jpeg\" alt=\"\" title=\"\" height=\"auto\" width=\"auto\" class=\"wp-image-79146\"><\/span><\/a>\n<\/div>\n<div class=\"et_pb_module et_pb_text et_pb_text_7  et_pb_text_align_left et_pb_bg_layout_light\">\n<div class=\"et_pb_text_inner\">\n<p><strong><a class=\"notion-link-token notion-enable-hover\" href=\"https:\/\/flyphotoprod.wpenginepowered.com\/vacation-photographers\/your-vacation-photographer-in-quebec-city-meet-elisa\/\" target=\"_blank\" rel=\"noopener noreferrer\" data-token-index=\"0\" data-reactroot=\"\"><span class=\"link-annotation-unknown-block-id-714794987\">Photo: Elisa in Quebec City for Flytographer<\/span><\/a><\/strong><span class=\"notion-enable-hover\" data-token-index=\"1\" data-reactroot=\"\"><strong>.<\/strong> <\/span><em>Karen and partner celebrate their anniversary at Parliament Hill &amp; Plains of Abraham in Quebec City with a couples photoshoot.<\/em> <!-- --> <br \/><!-- --><\/p>\n<\/div>\n<\/div>\n<p> <!-- .et_pb_text -->\n<\/div>\n<p> <!-- .et_pb_column -->\n<\/div>\n<p> <!-- .et_pb_row --><\/p>\n<div class=\"et_pb_row et_pb_row_6\">\n<div class=\"et_pb_column et_pb_column_4_4 et_pb_column_8  et_pb_css_mix_blend_mode_passthrough et-last-child\">\n<div class=\"et_pb_module et_pb_text et_pb_text_8  et_pb_text_align_left et_pb_bg_layout_light\">\n<div class=\"et_pb_text_inner\">\n<h2><b>4. Basse-Ville<\/b><\/h2>\n<p><span style=\"font-weight: 400;\">Charming bistros, cobblestone streets, and quaint alleyways \u2014 Basse-Ville is a little piece of Europe within Quebec City and is especially reminiscent of Paris. Also known as Lower Town, this is the neighbourhood where you\u2019ll find popular attractions, including Quartier Petit-Champlain, Place Royale, and Old Port.<\/span><\/p>\n<p><span style=\"font-weight: 400;\">As the oldest part of Quebec City, Basse-Ville has a high concentration of historic buildings. One of the most prominent is the picturesque Notre-Dame-des-Victoires Church, a quaint chapel set in Place Royale beside French-style rowhouses. \u26ea Completely surrounded by charming, historic buildings, this is one of the best places to take photos in Quebec City and you won\u2019t want to miss it.<\/span><\/p>\n<p><span style=\"font-weight: 400;\">Despite its long history, Basse-Ville is also home to lively, modern businesses. Enjoy a wonderful meal at fabulous eateries, or shop for souvenirs in the unique boutiques that line the area. \ud83d\udecd\ufe0f<\/span><\/p>\n<\/div>\n<\/div>\n<p> <!-- .et_pb_text --><\/p>\n<div class=\"et_pb_module et_pb_image et_pb_image_10\">\n<a href=\"https:\/\/flytog.me\/Book-Quebec-City\"><span class=\"et_pb_image_wrap \"><img decoding=\"async\" loading=\"lazy\" src=\"https:\/\/flyphotoprod.wpenginepowered.com\/wp-content\/uploads\/2022\/10\/photo-spots-quebec-city-photographer-flytographer-10.jpeg\" alt=\"\" title=\"\" height=\"auto\" width=\"auto\" class=\"wp-image-79147\"><\/span><\/a>\n<\/div>\n<div class=\"et_pb_module et_pb_image et_pb_image_11\">\n<a href=\"https:\/\/flytog.me\/Book-Quebec-City\"><span class=\"et_pb_image_wrap \"><img decoding=\"async\" loading=\"lazy\" src=\"https:\/\/flyphotoprod.wpenginepowered.com\/wp-content\/uploads\/2022\/10\/photo-spots-quebec-city-photographer-flytographer-11.jpeg\" alt=\"\" title=\"\" height=\"auto\" width=\"auto\" class=\"wp-image-79148\"><\/span><\/a>\n<\/div>\n<div class=\"et_pb_module et_pb_text et_pb_text_9  et_pb_text_align_left et_pb_bg_layout_light\">\n<div class=\"et_pb_text_inner\">\n<p><strong><a class=\"notion-link-token notion-enable-hover\" href=\"https:\/\/flyphotoprod.wpenginepowered.com\/vacation-photographers\/your-vacation-photographer-in-quebec-city-meet-elisa\/\" target=\"_blank\" rel=\"noopener noreferrer\" data-token-index=\"0\" data-reactroot=\"\"><span class=\"link-annotation-unknown-block-id-714794987\">Photo: Elisa in Quebec City for Flytographer<\/span><\/a><\/strong><span class=\"notion-enable-hover\" data-token-index=\"1\" data-reactroot=\"\"><strong>.<\/strong> <\/span><em>Lauren and partner capture memories of their honeymoon at Basse-Villein in Quebec City on a couples photoshoot.<\/em> <!-- --> <br \/><!-- --><\/p>\n<\/div>\n<\/div>\n<p> <!-- .et_pb_text -->\n<\/div>\n<p> <!-- .et_pb_column -->\n<\/div>\n<p> <!-- .et_pb_row --><\/p>\n<div class=\"et_pb_row et_pb_row_7\">\n<div class=\"et_pb_column et_pb_column_4_4 et_pb_column_9  et_pb_css_mix_blend_mode_passthrough et-last-child\">\n<div class=\"et_pb_module et_pb_text et_pb_text_10  et_pb_text_align_left et_pb_bg_layout_light\">\n<div class=\"et_pb_text_inner\">\n<h2><b>5. Plains of Abraham<\/b><\/h2>\n<p><span style=\"font-weight: 400;\">The site of the Battle of Quebec in 1759, the Plains of Abraham is one of Canada\u2019s most historically significant battlefields. Over time, the battlefields have been transformed into a stunning park overlooking the St. Lawrence River. \ud83c\udf0a<\/span><\/p>\n<p><span style=\"font-weight: 400;\">An oasis of green within the heart of Quebec City, this 98-hectare park is a community hub for locals and visitors alike. Enjoyed year round, you\u2019ll see cyclists and walkers in the summer, and skaters and snowshoers in the winter. The Plains of Abraham are also a main stage venue for large events, such as Festival d\u2019\u00e9t\u00e9 de Qu\u00e9bec.<\/span><\/p>\n<p><span style=\"font-weight: 400;\">Are you interested in learning more about the history of this park? \ud83e\udd14 Visit the Plains of Abraham Museum to learn about the Battle of the Plains through interactive exhibitions and immersive story-telling projections.<\/span><\/p>\n<\/div>\n<\/div>\n<p> <!-- .et_pb_text --><\/p>\n<div class=\"et_pb_module et_pb_image et_pb_image_12\">\n<a href=\"https:\/\/flytog.me\/Book-Quebec-City\"><span class=\"et_pb_image_wrap \"><img decoding=\"async\" loading=\"lazy\" src=\"https:\/\/flyphotoprod.wpenginepowered.com\/wp-content\/uploads\/2022\/10\/photo-spots-quebec-city-photographer-flytographer-12.jpeg\" alt=\"\" title=\"\" height=\"auto\" width=\"auto\" class=\"wp-image-79149\"><\/span><\/a>\n<\/div>\n<div class=\"et_pb_module et_pb_image et_pb_image_13\">\n<a href=\"https:\/\/flytog.me\/Book-Quebec-City\"><span class=\"et_pb_image_wrap \"><img decoding=\"async\" loading=\"lazy\" src=\"https:\/\/flyphotoprod.wpenginepowered.com\/wp-content\/uploads\/2022\/10\/photo-spots-quebec-city-photographer-flytographer-13.jpeg\" alt=\"\" title=\"\" height=\"auto\" width=\"auto\" class=\"wp-image-79150\"><\/span><\/a>\n<\/div>\n<div class=\"et_pb_module et_pb_text et_pb_text_11  et_pb_text_align_left et_pb_bg_layout_light\">\n<div class=\"et_pb_text_inner\">\n<p><strong><a class=\"notion-link-token notion-enable-hover\" href=\"https:\/\/flyphotoprod.wpenginepowered.com\/vacation-photographers\/your-vacation-photographer-in-quebec-city-meet-elisa\/\" target=\"_blank\" rel=\"noopener noreferrer\" data-token-index=\"0\" data-reactroot=\"\"><span class=\"link-annotation-unknown-block-id-714794987\">Photo: Elisa in Quebec City for Flytographer<\/span><\/a><\/strong><span class=\"notion-enable-hover\" data-token-index=\"1\" data-reactroot=\"\"><strong>.<\/strong> <\/span><em>Amy and family capture memories of their trip at Parliament Hill &amp; Plains of Abraham in Quebec City on a family photoshoot.<\/em> <!-- --> <br \/><!-- --><\/p>\n<\/div>\n<\/div>\n<p> <!-- .et_pb_text -->\n<\/div>\n<p> <!-- .et_pb_column -->\n<\/div>\n<p> <!-- .et_pb_row --><\/p>\n<div class=\"et_pb_row et_pb_row_9\">\n<div class=\"et_pb_column et_pb_column_4_4 et_pb_column_10  et_pb_css_mix_blend_mode_passthrough et-last-child\">\n<div class=\"et_pb_module et_pb_text et_pb_text_12  et_pb_text_align_left et_pb_bg_layout_light\">\n<div class=\"et_pb_text_inner\">\n<h2>Look amazing in photos<\/h2>\n<p>Get 50+ insider tips on how to prepare, what to wear, and easy posing ideas for your next photo shoot!<\/p>\n<\/div>\n<\/div>\n<p> <!-- .et_pb_text -->\n<\/div>\n<p> <!-- .et_pb_column -->\n<\/div>\n<p> <!-- .et_pb_row --><\/p>\n<div class=\"et_pb_row et_pb_row_10\">\n<div class=\"et_pb_column et_pb_column_1_2 et_pb_column_11  et_pb_css_mix_blend_mode_passthrough\">\n<div class=\"et_pb_module et_pb_image et_pb_image_14\">\n<span class=\"et_pb_image_wrap \"><img decoding=\"async\" loading=\"lazy\" src=\"https:\/\/flyphotoprod.wpenginepowered.com\/wp-content\/uploads\/2022\/10\/free-guide-4.jpg\" alt=\"\" title=\"\" height=\"auto\" width=\"auto\" class=\"wp-image-78956\"><\/span>\n<\/div>\n<\/div>\n<p> <!-- .et_pb_column --><\/p>\n<div class=\"et_pb_column et_pb_column_1_2 et_pb_column_12  et_pb_css_mix_blend_mode_passthrough et-last-child\">\n<div class=\"et_pb_module et_pb_code et_pb_code_0\">\n<div class=\"et_pb_code_inner\">\n<div class=\"_form_73\"><\/div>\n<p><script src=\"https:\/\/flytographer.activehosted.com\/f\/embed.php?id=73\" type=\"text\/javascript\" charset=\"utf-8\"><\/script><\/div>\n<\/div>\n<p> <!-- .et_pb_code -->\n<\/div>\n<p> <!-- .et_pb_column -->\n<\/div>\n<p> <!-- .et_pb_row --><\/p>\n<div class=\"et_pb_row et_pb_row_11\">\n<div class=\"et_pb_column et_pb_column_4_4 et_pb_column_13  et_pb_css_mix_blend_mode_passthrough et-last-child\">\n<div class=\"et_pb_module et_pb_text et_pb_text_13  et_pb_text_align_left et_pb_bg_layout_light\">\n<div class=\"et_pb_text_inner\">\n<h2><b>6. Place Royale<\/b><\/h2>\n<p><span style=\"font-weight: 400;\">In the very heart of Quebec City, Place Royale is where the city was founded by Samuel de Champlain in 1608. It is also the first French settlement in the Americas. \ud83c\uddeb\ud83c\uddf7 You\u2019ll see evidence of this in the historic French and British-style architecture that surround the square. Place Royale is home to the oldest stone church in North America, Notre-Dame-des-Victoires, built in 1688.<\/span><\/p>\n<p><span style=\"font-weight: 400;\">The perfectly restored houses that surround Place Royale have become restaurants with Parisian-style patios and stores that sell souvenirs, crafts, and more. Visit local favourite,<\/span><a href=\"https:\/\/en.smithcafe.com\/\"> <span style=\"font-weight: 400;\">Maison Smith<\/span><\/a><span style=\"font-weight: 400;\">, to enjoy a warm beverage \u2615 while you soak in the lovely views of this old-world setting.<\/span><\/p>\n<\/div>\n<\/div>\n<p> <!-- .et_pb_text --><\/p>\n<div class=\"et_pb_module et_pb_image et_pb_image_15\">\n<a href=\"https:\/\/flytog.me\/Book-Quebec-City\"><span class=\"et_pb_image_wrap \"><img decoding=\"async\" loading=\"lazy\" src=\"https:\/\/flyphotoprod.wpenginepowered.com\/wp-content\/uploads\/2022\/10\/photo-spots-quebec-city-photographer-flytographer-14.jpeg\" alt=\"\" title=\"\" height=\"auto\" width=\"auto\" class=\"wp-image-79151\"><\/span><\/a>\n<\/div>\n<div class=\"et_pb_module et_pb_image et_pb_image_16\">\n<a href=\"https:\/\/flytog.me\/Book-Quebec-City\"><span class=\"et_pb_image_wrap \"><img decoding=\"async\" loading=\"lazy\" src=\"https:\/\/flyphotoprod.wpenginepowered.com\/wp-content\/uploads\/2022\/10\/photo-spots-quebec-city-photographer-flytographer-15.jpeg\" alt=\"\" title=\"\" height=\"auto\" width=\"auto\" class=\"wp-image-79152\"><\/span><\/a>\n<\/div>\n<div class=\"et_pb_module et_pb_text et_pb_text_14  et_pb_text_align_left et_pb_bg_layout_light\">\n<div class=\"et_pb_text_inner\">\n<p><strong><a class=\"notion-link-token notion-enable-hover\" href=\"https:\/\/flyphotoprod.wpenginepowered.com\/vacation-photographers\/your-vacation-photographer-in-quebec-city-meet-elisa\/\" target=\"_blank\" rel=\"noopener noreferrer\" data-token-index=\"0\" data-reactroot=\"\"><span class=\"link-annotation-unknown-block-id-714794987\">Photo: Elisa in Quebec City for Flytographer<\/span><\/a><\/strong><span class=\"notion-enable-hover\" data-token-index=\"1\" data-reactroot=\"\"><strong>.<\/strong> <\/span><em>Ryan and partner capture memories at Place Royale in Quebec City on a couples photoshoot.<\/em> <!-- --> <br \/><!-- --><\/p>\n<\/div>\n<\/div>\n<p> <!-- .et_pb_text -->\n<\/div>\n<p> <!-- .et_pb_column -->\n<\/div>\n<p> <!-- .et_pb_row --><\/p>\n<div class=\"et_pb_row et_pb_row_12\">\n<div class=\"et_pb_column et_pb_column_4_4 et_pb_column_14  et_pb_css_mix_blend_mode_passthrough et-last-child\">\n<div class=\"et_pb_module et_pb_text et_pb_text_15  et_pb_text_align_left et_pb_bg_layout_light\">\n<div class=\"et_pb_text_inner\">\n<h2><b>7. Pierre-Dugua-De Mons Terrace<\/b><\/h2>\n<p><span style=\"font-weight: 400;\">For one of the most scenic views and one of the best places to take photos in Quebec City, Terrasse Pierre-Dugua-De Mons is the place to go! \ud83e\udd29The terrace sits within the picturesque Parc du Bastion-De-La-Reine, alongside La Citadelle de Qu\u00e9bec.&nbsp;<\/span><\/p>\n<p><span style=\"font-weight: 400;\">This lookout point has sweeping views of Quebec City, including notable landmarks like Ch\u00e2teau Frontenac, Dufferin Terrace, and St. Lawrence River. And while you\u2019re in the area, it\u2019s the perfect time to explore the Citadel \u2014 North America\u2019s largest military fortress. Wander along the stone walls of this National Historic Site to catch a glimpse of its rich history. To really get to know the history of the Citadel, take part in an immersive<\/span><a href=\"https:\/\/www.viator.com\/en-CA\/Quebec-City-attractions\/Citadel-of-Quebec-Citadelle-de-Quebec\/d626-a964\"> <span style=\"font-weight: 400;\">walking tour<\/span><\/a><span style=\"font-weight: 400;\">, where you\u2019ll learn its history \u2014 all the way from 1750 to today.<\/span><\/p>\n<\/div>\n<\/div>\n<p> <!-- .et_pb_text --><\/p>\n<div class=\"et_pb_module et_pb_image et_pb_image_17\">\n<a href=\"https:\/\/flytog.me\/Book-Quebec-City\"><span class=\"et_pb_image_wrap \"><img decoding=\"async\" loading=\"lazy\" src=\"https:\/\/flyphotoprod.wpenginepowered.com\/wp-content\/uploads\/2022\/10\/photo-spots-quebec-city-photographer-flytographer-17.jpeg\" alt=\"\" title=\"\" height=\"auto\" width=\"auto\" class=\"wp-image-79154\"><\/span><\/a>\n<\/div>\n<div class=\"et_pb_module et_pb_image et_pb_image_18\">\n<a href=\"https:\/\/flytog.me\/Book-Quebec-City\"><span class=\"et_pb_image_wrap \"><img decoding=\"async\" loading=\"lazy\" src=\"https:\/\/flyphotoprod.wpenginepowered.com\/wp-content\/uploads\/2022\/10\/photo-spots-quebec-city-photographer-flytographer-15.jpeg\" alt=\"\" title=\"\" height=\"auto\" width=\"auto\" class=\"wp-image-79152\"><\/span><\/a>\n<\/div>\n<div class=\"et_pb_module et_pb_text et_pb_text_16  et_pb_text_align_left et_pb_bg_layout_light\">\n<div class=\"et_pb_text_inner\">\n<p><strong><a class=\"notion-link-token notion-enable-hover\" href=\"https:\/\/flyphotoprod.wpenginepowered.com\/vacation-photographers\/your-vacation-photographer-in-quebec-city-meet-anthony\/\" target=\"_blank\" rel=\"noopener noreferrer\" data-token-index=\"0\" data-reactroot=\"\"><span class=\"link-annotation-unknown-block-id--872808190\">Photo: Anthony in Quebec City for Flytographer.<\/span><\/a> <\/strong><em>Zbynek and partner celebrate their engagement at Pierre-Dugua-De-Mons Terrace with views of Chateau Frontenac in Quebec City on a proposal photoshoot.<\/em> <!-- --> <br \/><!-- --><\/p>\n<\/div>\n<\/div>\n<p> <!-- .et_pb_text -->\n<\/div>\n<p> <!-- .et_pb_column -->\n<\/div>\n<p> <!-- .et_pb_row --><\/p>\n<div class=\"et_pb_row et_pb_row_13\">\n<div class=\"et_pb_column et_pb_column_4_4 et_pb_column_15  et_pb_css_mix_blend_mode_passthrough et-last-child\">\n<div class=\"et_pb_module et_pb_text et_pb_text_17  et_pb_text_align_left et_pb_bg_layout_light\">\n<div class=\"et_pb_text_inner\">\n<h2><b>8. Montmorency Falls<\/b><\/h2>\n<p><span style=\"font-weight: 400;\">Located just a 15-minute drive from Old Quebec, Montmorency Falls are a spectacular sight any time of year. Cascading from a height of nearly 275 feet, Montmorency Falls tumble over a craggy cliff face and into the St. Lawrence River below. Surrounded by trees and rocky outcrops, this is a picture-perfect landscape meant to be captured! \ud83c\udf32<\/span><\/p>\n<p><span style=\"font-weight: 400;\">During your visit, there are multiple ways to take in the incredible views. Take a cable car to the top of the cliff and admire the falls from above. From there, wander across the suspended bridge toward the belvedere, where you can feel the power of the water as it rushes past. For the adventurous, there\u2019s even a zipline where you can soar above the waterfalls \u2014 an experience you\u2019ll never forget!<\/span><\/p>\n<\/div>\n<\/div>\n<p> <!-- .et_pb_text --><\/p>\n<div class=\"et_pb_module et_pb_image et_pb_image_19\">\n<a href=\"https:\/\/flytog.me\/Book-Quebec-City\"><span class=\"et_pb_image_wrap \"><img decoding=\"async\" loading=\"lazy\" src=\"https:\/\/flyphotoprod.wpenginepowered.com\/wp-content\/uploads\/2022\/10\/photo-spots-quebec-city-photographer-flytographer-18.jpeg\" alt=\"\" title=\"\" height=\"auto\" width=\"auto\" class=\"wp-image-79155\"><\/span><\/a>\n<\/div>\n<div class=\"et_pb_module et_pb_image et_pb_image_20\">\n<a href=\"https:\/\/flytog.me\/Book-Quebec-City\"><span class=\"et_pb_image_wrap \"><img decoding=\"async\" loading=\"lazy\" src=\"https:\/\/flyphotoprod.wpenginepowered.com\/wp-content\/uploads\/2022\/10\/photo-spots-quebec-city-photographer-flytographer-19.jpeg\" alt=\"\" title=\"\" height=\"auto\" width=\"auto\" class=\"wp-image-79156\"><\/span><\/a>\n<\/div>\n<div class=\"et_pb_module et_pb_text et_pb_text_18  et_pb_text_align_left et_pb_bg_layout_light\">\n<div class=\"et_pb_text_inner\">\n<p><strong><a class=\"notion-link-token notion-enable-hover\" href=\"https:\/\/flyphotoprod.wpenginepowered.com\/vacation-photographers\/your-vacation-photographer-in-quebec-city-meet-elisa\/\" target=\"_blank\" rel=\"noopener noreferrer\" data-token-index=\"0\" data-reactroot=\"\"><span class=\"link-annotation-unknown-block-id-714794987\">Photo: Elisa in Quebec City for Flytographer<\/span><\/a><\/strong><span class=\"notion-enable-hover\" data-token-index=\"1\" data-reactroot=\"\"><strong>.<\/strong>&nbsp;Evan and partner celebrate their engagement at Montmorency Falls in Quebec City on a proposal photoshoot. <!-- --> <\/span><br \/><!-- --><\/p>\n<\/div>\n<\/div>\n<p> <!-- .et_pb_text --><\/p>\n<div class=\"et_pb_module et_pb_code et_pb_code_1\">\n<div class=\"et_pb_code_inner\"><iframe loading=\"lazy\" src=\"https:\/\/assets.pinterest.com\/ext\/embed.html?id=444237950757531324\" height=\"618\" width=\"345\" frameborder=\"0\" scrolling=\"no\"><\/iframe><\/div>\n<\/div>\n<p> <!-- .et_pb_code -->\n<\/div>\n<p> <!-- .et_pb_column -->\n<\/div>\n<p> <!-- .et_pb_row --><\/p>\n<div class=\"et_pb_row et_pb_row_14\">\n<div class=\"et_pb_column et_pb_column_4_4 et_pb_column_16  et_pb_css_mix_blend_mode_passthrough et-last-child\">\n<div class=\"et_pb_module et_pb_text et_pb_text_19  et_pb_text_align_left et_pb_bg_layout_light\">\n<div class=\"et_pb_text_inner\">\n<h2><b>9. Hotel de Glace<\/b><\/h2>\n<p><a href=\"https:\/\/www.quebec-cite.com\/en\/businesses\/hotel-de-glace\"><span style=\"font-weight: 400;\">Hotel de Glace<\/span><\/a><span style=\"font-weight: 400;\"> is the only ice hotel in North America, open every winter from January to March. \u2744\ufe0fConstructed entirely of ice and snow, Hotel de Glace is truly awe-inspiring. The hotel includes a chapel, spacious suites, an ice slide, and a stunning Grand Hall. There\u2019s also an Ice Bar where you can enjoy beverages served in glasses made of \u2014 you guessed it \u2014 ice! This incredibly unique hotel makes for a once-in-a-lifetime getaway and is an absolute must-see when you visit Quebec City.<\/span><\/p>\n<\/div>\n<\/div>\n<p> <!-- .et_pb_text --><\/p>\n<div class=\"et_pb_module et_pb_image et_pb_image_21\">\n<a href=\"https:\/\/flytog.me\/Book-Quebec-City\"><span class=\"et_pb_image_wrap \"><img decoding=\"async\" loading=\"lazy\" src=\"https:\/\/flyphotoprod.wpenginepowered.com\/wp-content\/uploads\/2022\/10\/photo-spots-quebec-city-photographer-flytographer-20.jpeg\" alt=\"\" title=\"\" height=\"auto\" width=\"auto\" class=\"wp-image-79157\"><\/span><\/a>\n<\/div>\n<div class=\"et_pb_module et_pb_image et_pb_image_22\">\n<a href=\"https:\/\/flytog.me\/Book-Quebec-City\"><span class=\"et_pb_image_wrap \"><img decoding=\"async\" loading=\"lazy\" src=\"https:\/\/flyphotoprod.wpenginepowered.com\/wp-content\/uploads\/2022\/10\/photo-spots-quebec-city-photographer-flytographer-21.jpeg\" alt=\"\" title=\"\" height=\"auto\" width=\"auto\" class=\"wp-image-79158\"><\/span><\/a>\n<\/div>\n<div class=\"et_pb_module et_pb_text et_pb_text_20  et_pb_text_align_left et_pb_bg_layout_light\">\n<div class=\"et_pb_text_inner\">\n<p><strong><a class=\"notion-link-token notion-enable-hover\" href=\"https:\/\/flyphotoprod.wpenginepowered.com\/vacation-photographers\/your-vacation-photographer-in-quebec-city-meet-francis\/\" target=\"_blank\" rel=\"noopener noreferrer\" data-token-index=\"0\" data-reactroot=\"\"><span class=\"link-annotation-unknown-block-id--2032418905\">Photo: Francis in Quebec City for Flytographer.<\/span><\/a> <\/strong><em>Samantha and family capture memories of their trip at Hotel de Glace in Quebec City on a family photoshoot.<\/em> <!-- --> <br \/><!-- --><\/p>\n<\/div>\n<\/div>\n<p> <!-- .et_pb_text -->\n<\/div>\n<p> <!-- .et_pb_column -->\n<\/div>\n<p> <!-- .et_pb_row --><\/p>\n<div class=\"et_pb_row et_pb_row_15\">\n<div class=\"et_pb_column et_pb_column_4_4 et_pb_column_17  et_pb_css_mix_blend_mode_passthrough et-last-child\">\n<div class=\"et_pb_module et_pb_text et_pb_text_21  et_pb_text_align_left et_pb_bg_layout_light\">\n<div class=\"et_pb_text_inner\">\n<h2><b>10. Quebec City Old Port<\/b><\/h2>\n<p><span style=\"font-weight: 400;\">A little off the beaten path, Quebec City\u2019s Old Port offers a laid-back vibe by the riverside. The Old Port stretches along the St. Lawrence River and houses a marina and cruise ship terminal. \ud83d\udea2<\/span><\/p>\n<p><span style=\"font-weight: 400;\">This is the ideal place for a leisurely wander through the streets and one of the best places to take photos in Quebec City. Historic houses dot the neighbourhood, highlighting the historical significance of the area \u2014 once home to grain merchants and wholesale grocers. \ud83c\udf3e You\u2019ll find art galleries, inviting restaurants, antique stores, boutiques, and much more.&nbsp;<\/span><\/p>\n<p><span style=\"font-weight: 400;\">For a lovely photo opportunity, visited the beloved fountain sculpture, La Vivri\u00e8re, at Place FAO. This sculpture represents the bow of a ship as it moves through waves, and commemorates the founding of the Food and Agriculture Organization of the United Nations.<\/span><\/p>\n<\/div>\n<\/div>\n<p> <!-- .et_pb_text --><\/p>\n<div class=\"et_pb_module et_pb_image et_pb_image_23\">\n<a href=\"https:\/\/flytog.me\/Book-Quebec-City\"><span class=\"et_pb_image_wrap \"><img decoding=\"async\" loading=\"lazy\" src=\"https:\/\/flyphotoprod.wpenginepowered.com\/wp-content\/uploads\/2022\/10\/photo-spots-quebec-city-photographer-flytographer-22.jpeg\" alt=\"\" title=\"\" height=\"auto\" width=\"auto\" class=\"wp-image-79159\"><\/span><\/a>\n<\/div>\n<div class=\"et_pb_module et_pb_image et_pb_image_24\">\n<a href=\"https:\/\/flytog.me\/Book-Quebec-City\"><span class=\"et_pb_image_wrap \"><img decoding=\"async\" loading=\"lazy\" src=\"https:\/\/flyphotoprod.wpenginepowered.com\/wp-content\/uploads\/2022\/10\/photo-spots-quebec-city-photographer-flytographer-23.jpeg\" alt=\"\" title=\"\" height=\"auto\" width=\"auto\" class=\"wp-image-79160\"><\/span><\/a>\n<\/div>\n<div class=\"et_pb_module et_pb_text et_pb_text_22  et_pb_text_align_left et_pb_bg_layout_light\">\n<div class=\"et_pb_text_inner\">\n<p><strong><a class=\"notion-link-token notion-enable-hover\" href=\"https:\/\/flyphotoprod.wpenginepowered.com\/vacation-photographers\/your-vacation-photographer-in-quebec-city-meet-francis\/\" target=\"_blank\" rel=\"noopener noreferrer\" data-token-index=\"0\" data-reactroot=\"\"><span class=\"link-annotation-unknown-block-id--2032418905\">Photo: Francis in Quebec City for Flytographer.<\/span><\/a> <\/strong><em>Samantha and family capture memories of their trip at Hotel de Glace in Quebec City on a family photoshoot.<\/em> <!-- --> <br \/><!-- --><\/p>\n<\/div>\n<\/div>\n<p> <!-- .et_pb_text -->\n<\/div>\n<p> <!-- .et_pb_column -->\n<\/div>\n<p> <!-- .et_pb_row --><\/p>\n<div class=\"et_pb_row et_pb_row_16\">\n<div class=\"et_pb_column et_pb_column_4_4 et_pb_column_18  et_pb_css_mix_blend_mode_passthrough et-last-child\">\n<div class=\"et_pb_module et_pb_text et_pb_text_23  et_pb_text_align_left et_pb_bg_layout_light\">\n<div class=\"et_pb_text_inner\">\n<h2><b>Capturing memories in Quebec City<\/b><\/h2>\n<p><span style=\"font-weight: 400;\">Quebec City is a truly captivating city with endless<\/span><a href=\"https:\/\/flyphotoprod.wpenginepowered.com\/destinations\/quebec-city\/things-to-do\/\"> <span style=\"font-weight: 400;\">things to see and do<\/span><\/a><span style=\"font-weight: 400;\">. From wandering through historical neighbourhoods and European-esque streets, to discovering vibrant local businesses and exploring iconic landmarks, the magic of Quebec City is unlike any other. No matter what you choose to do, the memories you make in the city will last a lifetime.<\/span><a href=\"https:\/\/flyphotoprod.wpenginepowered.com\/destinations\/quebec-city\"> <span style=\"font-weight: 400;\">Connect with a local photographer<\/span><\/a><span style=\"font-weight: 400;\"> to capture your Quebec City memories, so you can look back on them- time and time again. \ud83d\udc96<\/span><\/p>\n<\/div>\n<\/div>\n<p> <!-- .et_pb_text -->\n<\/div>\n<p> <!-- .et_pb_column -->\n<\/div>\n<p> <!-- .et_pb_row --><\/p>\n<div class=\"et_pb_row et_pb_row_17\">\n<div class=\"et_pb_column et_pb_column_1_2 et_pb_column_19  et_pb_css_mix_blend_mode_passthrough\">\n<div class=\"et_pb_module et_pb_image et_pb_image_25\">\n<a href=\"https:\/\/flytog.me\/Book-Quebec-City\"><span class=\"et_pb_image_wrap \"><img decoding=\"async\" loading=\"lazy\" src=\"https:\/\/flyphotoprod.wpenginepowered.com\/wp-content\/uploads\/2022\/10\/CTA-QUEBEC-CITY-Flytographer-DISCOUNT-Driven-1.png\" alt=\"\" title=\"\" height=\"auto\" width=\"auto\" class=\"wp-image-79175\"><\/span><\/a>\n<\/div>\n<\/div>\n<p> <!-- .et_pb_column --><\/p>\n<div class=\"et_pb_column et_pb_column_1_2 et_pb_column_20  et_pb_css_mix_blend_mode_passthrough et-last-child et_pb_column_empty\">\n<\/div>\n<p> <!-- .et_pb_column -->\n<\/div>\n<p> <!-- .et_pb_row -->\n<\/div>\n<p> <!-- .et_pb_section --><\/p>\n<div class=\"et_pb_section et_pb_section_1 et_pb_fullwidth_section et_section_regular\">\n<div class=\"et_pb_module et_pb_fullwidth_slider_0 featured-testimonial-slider et_pb_slider et_pb_slider_no_pagination\">\n<div class=\"et_pb_slides\">\n<div class=\"et_pb_slide et_pb_slide_0 et_pb_bg_layout_dark et_pb_media_alignment_center et-pb-active-slide\" data-slide-id=\"et_pb_slide_0\">\n<div class=\"et_pb_container clearfix\">\n<div class=\"et_pb_slider_container_inner\">\n<div class=\"et_pb_slide_description\">\n<div class=\"et_pb_slide_content\">\n<div class=\"featured-testimonial\">\n<img decoding=\"async\" class=\"featured-testimonial--photo\" src=\"https:\/\/images.flytographer.com\/97a93866-8062-484a-a22f-8c66155544e0\/quebec-city-08-29-2022-anniversary-47_500.jpeg\" scale=\"0\"><\/p>\n<div class=\"featured-testimonial--details\">\n<p style=\"margin-bottom: 1rem;\">\u201cFrancis was amazing! He\u2019s so talented, accommodating, and entertaining. He made the shoot so fun and made us feel comfortable. He was very easy to work with. If you are deciding to have your photos taken, please do yourselves a favour and book Francis! We would definitely book him again when we go back to Quebec City. Our photos are so beautiful and we can\u2019t wait to share it with our family and friends!\u201d<\/p>\n<div class=\"featured-testimonial--row\" style=\"margin-bottom: 1rem;\">\n<img decoding=\"async\" class=\"featured-testimonial-star\" src=\"https:\/\/flyphotoprod.wpenginepowered.com\/wp-content\/uploads\/2020\/12\/star-full-icon.png\" scale=\"0\"><br \/>\n<img decoding=\"async\" class=\"featured-testimonial-star\" src=\"https:\/\/flyphotoprod.wpenginepowered.com\/wp-content\/uploads\/2020\/12\/star-full-icon.png\" scale=\"0\"><br \/>\n<img decoding=\"async\" class=\"featured-testimonial-star\" src=\"https:\/\/flyphotoprod.wpenginepowered.com\/wp-content\/uploads\/2020\/12\/star-full-icon.png\" scale=\"0\"><br \/>\n<img decoding=\"async\" class=\"featured-testimonial-star\" src=\"https:\/\/flyphotoprod.wpenginepowered.com\/wp-content\/uploads\/2020\/12\/star-full-icon.png\" scale=\"0\"><br \/>\n<img decoding=\"async\" class=\"featured-testimonial-star\" src=\"https:\/\/flyphotoprod.wpenginepowered.com\/wp-content\/uploads\/2020\/12\/star-full-icon.png\" scale=\"0\"><\/p>\n<p><strong>Angeli<\/strong>\n<\/p>\n<\/div>\n<div class=\"featured-testimonial--row\">\n<img decoding=\"async\" class=\"icon--large\" src=\"https:\/\/flyphotoprod.wpenginepowered.com\/wp-content\/uploads\/2018\/07\/camera-blue.png\" scale=\"0\"><\/p>\n<p><a href=\"https:\/\/flyphotoprod.wpenginepowered.com\/vacation-photographers\/your-vacation-photographer-in-quebec-city-meet-francis\/\">Francis<\/a> in <a href=\"https:\/\/flyphotoprod.wpenginepowered.com\/destinations\/quebec-city\/\">Quebec City<\/a><\/p>\n<\/div>\n<div class=\"featured-testimonial--row\">\n<img decoding=\"async\" class=\"icon--large\" src=\"https:\/\/flyphotoprod.wpenginepowered.com\/wp-content\/uploads\/2020\/12\/testimonial-pin-1.png\" scale=\"0\"><\/p>\n<p><a href=\"https:\/\/flyphotoprod.wpenginepowered.com\/destinations\/quebec-city\/routes\/quartier-petit-champlain\/\">Quartier Petit Champlain<\/a><\/p>\n<\/div>\n<\/div>\n<\/div>\n<\/div>\n<\/div>\n<p> <!-- .et_pb_slide_description -->\n<\/div>\n<\/div>\n<p> <!-- .et_pb_container -->\n<\/div>\n<p> <!-- .et_pb_slide --><\/p>\n<div class=\"et_pb_slide et_pb_slide_1 et_pb_bg_layout_dark et_pb_media_alignment_center\" data-slide-id=\"et_pb_slide_1\">\n<div class=\"et_pb_container clearfix\">\n<div class=\"et_pb_slider_container_inner\">\n<div class=\"et_pb_slide_description\">\n<div class=\"et_pb_slide_content\">\n<div class=\"featured-testimonial\">\n<img decoding=\"async\" class=\"featured-testimonial--photo\" src=\"https:\/\/images.flytographer.com\/08e64d3c-48e1-4947-8d3b-fbd33129f131\/quebec-city-12-27-2019-proposal-5_500.jpeg\" scale=\"0\"><\/p>\n<div class=\"featured-testimonial--details\">\n<p style=\"margin-bottom: 1rem;\">\u201cElisa was phenomenal. She gave me the wonderful advice to do my proposal early in the morning and the results were amazing. The lighting was phenomenal and it was as if we had the city of Quebec to ourselves for an hour. She took amazing shots and really captured our happiness in her photos. I would 100% recommend her to anyone traveling to Quebec City.\u201d<\/p>\n<div class=\"featured-testimonial--row\" style=\"margin-bottom: 1rem;\">\n<img decoding=\"async\" class=\"featured-testimonial-star\" src=\"https:\/\/flyphotoprod.wpenginepowered.com\/wp-content\/uploads\/2020\/12\/star-full-icon.png\" scale=\"0\"><br \/>\n<img decoding=\"async\" class=\"featured-testimonial-star\" src=\"https:\/\/flyphotoprod.wpenginepowered.com\/wp-content\/uploads\/2020\/12\/star-full-icon.png\" scale=\"0\"><br \/>\n<img decoding=\"async\" class=\"featured-testimonial-star\" src=\"https:\/\/flyphotoprod.wpenginepowered.com\/wp-content\/uploads\/2020\/12\/star-full-icon.png\" scale=\"0\"><br \/>\n<img decoding=\"async\" class=\"featured-testimonial-star\" src=\"https:\/\/flyphotoprod.wpenginepowered.com\/wp-content\/uploads\/2020\/12\/star-full-icon.png\" scale=\"0\"><br \/>\n<img decoding=\"async\" class=\"featured-testimonial-star\" src=\"https:\/\/flyphotoprod.wpenginepowered.com\/wp-content\/uploads\/2020\/12\/star-full-icon.png\" scale=\"0\"><\/p>\n<p><strong>Vishal<\/strong>\n<\/p>\n<\/div>\n<div class=\"featured-testimonial--row\">\n<img decoding=\"async\" class=\"icon--large\" src=\"https:\/\/flyphotoprod.wpenginepowered.com\/wp-content\/uploads\/2018\/07\/camera-blue.png\" scale=\"0\"><\/p>\n<p><a href=\"https:\/\/flyphotoprod.wpenginepowered.com\/vacation-photographers\/your-vacation-photographer-in-quebec-city-meet-elisa\/\">Elisa<\/a> in <a href=\"https:\/\/flyphotoprod.wpenginepowered.com\/destinations\/quebec-city\/\">Quebec City<\/a><\/p>\n<\/div>\n<div class=\"featured-testimonial--row\">\n<img decoding=\"async\" class=\"icon--large\" src=\"https:\/\/flyphotoprod.wpenginepowered.com\/wp-content\/uploads\/2020\/12\/testimonial-pin-1.png\" scale=\"0\"><\/p>\n<p><a href=\"https:\/\/flyphotoprod.wpenginepowered.com\/destinations\/quebec-city\/routes\/quartier-petit-champlain\/\">Quartier Petit Champlain<\/a><\/p>\n<\/div>\n<\/div>\n<\/div>\n<\/div>\n<\/div>\n<p> <!-- .et_pb_slide_description -->\n<\/div>\n<\/div>\n<p> <!-- .et_pb_container -->\n<\/div>\n<p> <!-- .et_pb_slide --><\/p>\n<div class=\"et_pb_slide et_pb_slide_2 et_pb_bg_layout_dark et_pb_media_alignment_center\" data-slide-id=\"et_pb_slide_2\">\n<div class=\"et_pb_container clearfix\">\n<div class=\"et_pb_slider_container_inner\">\n<div class=\"et_pb_slide_description\">\n<div class=\"et_pb_slide_content\">\n<div class=\"featured-testimonial\">\n<img decoding=\"async\" class=\"featured-testimonial--photo\" src=\"https:\/\/images.flytographer.com\/db71bf7a-e491-44d6-a870-f0c58a970dd7\/quebec-city-06-09-2019-just-because-26_500.jpeg\" scale=\"0\"><\/p>\n<div class=\"featured-testimonial--details\">\n<p style=\"margin-bottom: 1rem;\">\u201cAmazing doesn\u2019t even begin to describe Francis. He made the shoot into an experience itself. He took two awkward non photogenic people and gave us some of the most beautiful pictures. Not only that but his knowledge of the city and photography left us in awe. This was one of the highlights in all of our travels from Japan to France.\u201d<\/p>\n<div class=\"featured-testimonial--row\" style=\"margin-bottom: 1rem;\">\n<img decoding=\"async\" class=\"featured-testimonial-star\" src=\"https:\/\/flyphotoprod.wpenginepowered.com\/wp-content\/uploads\/2020\/12\/star-full-icon.png\" scale=\"0\"><br \/>\n<img decoding=\"async\" class=\"featured-testimonial-star\" src=\"https:\/\/flyphotoprod.wpenginepowered.com\/wp-content\/uploads\/2020\/12\/star-full-icon.png\" scale=\"0\"><br \/>\n<img decoding=\"async\" class=\"featured-testimonial-star\" src=\"https:\/\/flyphotoprod.wpenginepowered.com\/wp-content\/uploads\/2020\/12\/star-full-icon.png\" scale=\"0\"><br \/>\n<img decoding=\"async\" class=\"featured-testimonial-star\" src=\"https:\/\/flyphotoprod.wpenginepowered.com\/wp-content\/uploads\/2020\/12\/star-full-icon.png\" scale=\"0\"><br \/>\n<img decoding=\"async\" class=\"featured-testimonial-star\" src=\"https:\/\/flyphotoprod.wpenginepowered.com\/wp-content\/uploads\/2020\/12\/star-full-icon.png\" scale=\"0\"><\/p>\n<p><strong>Kari<\/strong>\n<\/p>\n<\/div>\n<div class=\"featured-testimonial--row\">\n<img decoding=\"async\" class=\"icon--large\" src=\"https:\/\/flyphotoprod.wpenginepowered.com\/wp-content\/uploads\/2018\/07\/camera-blue.png\" scale=\"0\"><\/p>\n<p><a href=\"https:\/\/flyphotoprod.wpenginepowered.com\/vacation-photographers\/your-vacation-photographer-in-quebec-city-meet-francis\/\">Francis<\/a> in <a href=\"https:\/\/flyphotoprod.wpenginepowered.com\/destinations\/quebec-city\/\">Quebec City<\/a><\/p>\n<\/div>\n<div class=\"featured-testimonial--row\">\n<img decoding=\"async\" class=\"icon--large\" src=\"https:\/\/flyphotoprod.wpenginepowered.com\/wp-content\/uploads\/2020\/12\/testimonial-pin-1.png\" scale=\"0\"><\/p>\n<p><a href=\"https:\/\/flyphotoprod.wpenginepowered.com\/destinations\/quebec-city\/routes\/quartier-petit-champlain\/\">Quartier Petit Champlain<\/a><\/p>\n<\/div>\n<\/div>\n<\/div>\n<\/div>\n<\/div>\n<p> <!-- .et_pb_slide_description -->\n<\/div>\n<\/div>\n<p> <!-- .et_pb_container -->\n<\/div>\n<p> <!-- .et_pb_slide -->\n<\/div>\n<p> <!-- .et_pb_slides -->\n<\/div>\n<p> <!-- .et_pb_slider --><\/p>\n<div class=\"et_pb_module et_pb_fullwidth_code et_pb_fullwidth_code_0 weight--marketing  et_pb_text_align_center\">\n<div class=\"et_pb_code_inner\">\n<div style=\"text-align: center\">\n<a href=\"https:\/\/flyphotoprod.wpenginepowered.com\/reviews\/\" class=\"custom-button\">Read More Testimonials<\/a>\n<\/div>\n<\/div>\n<\/div>\n<p> <!-- .et_pb_fullwidth_code -->\n<\/div>\n<p> <!-- .et_pb_section -->\n<\/div>\n<p><!-- .et_builder_inner_content -->\n<\/div>\n<p><!-- .et-l -->\n<\/div>\n<p><!-- #et-boc --><br \/>\n<span class=\"et_social_bottom_trigger\"><\/span>\t\t\t\t\t\t\t\t\t\t\t\t\t\t\t\t\t<\/p>\n","protected":false},"excerpt":{"rendered":"<p>Are you looking for the best places to take photos in Quebec City? Read on for the best tips from our local pro photographers in Canada.<\/p>\n","protected":false},"author":25,"featured_media":84288,"comment_status":"open","ping_status":"open","sticky":false,"template":"","format":"standard","meta":{"_acf_changed":false,"_lmt_disableupdate":"yes","_lmt_disable":"","footnotes":""},"categories":[4],"tags":[635,5,7,8,1075,18,217,153],"class_list":["post-474","post","type-post","status-publish","format-standard","has-post-thumbnail","hentry","category-flytographer","tag-canada","tag-flytographer","tag-photographer","tag-photoshoot","tag-quebec","tag-quebec-city","tag-staycation","tag-vacation"],"acf":[],"yoast_head":"<!-- This site is optimized with the Yoast SEO plugin v27.2 - https:\/\/yoast.com\/product\/yoast-seo-wordpress\/ -->\n<title>Top 10 Places to Take Photos in Quebec City | Flytographer<\/title>\n<meta name=\"description\" content=\"Are you looking for the best places to take photos in Quebec City? Read on for the best tips from our local pro photographers in Canada.\" \/>\n<meta name=\"robots\" content=\"index, follow, max-snippet:-1, max-image-preview:large, max-video-preview:-1\" \/>\n<link rel=\"canonical\" href=\"https:\/\/flyphotoprod.wpenginepowered.com\/blog\/best-places-to-take-photos-quebec-city\/\" \/>\n<meta property=\"og:locale\" content=\"en_US\" \/>\n<meta property=\"og:type\" content=\"article\" \/>\n<meta property=\"og:title\" content=\"Top 10 Places to Take Photos in Quebec City | Flytographer\" \/>\n<meta property=\"og:description\" content=\"Are you looking for the best places to take photos in Quebec City? Read on for the best tips from our local pro photographers in Canada.\" \/>\n<meta property=\"og:url\" content=\"https:\/\/flyphotoprod.wpenginepowered.com\/blog\/best-places-to-take-photos-quebec-city\/\" \/>\n<meta property=\"og:site_name\" content=\"Blog\" \/>\n<meta property=\"article:published_time\" content=\"2022-10-28T15:00:18+00:00\" \/>\n<meta property=\"og:image\" content=\"https:\/\/flyphotoprod.wpenginepowered.com\/wp-content\/uploads\/2022\/10\/474.jpg\" \/>\n\t<meta property=\"og:image:width\" content=\"1798\" \/>\n\t<meta property=\"og:image:height\" content=\"1200\" \/>\n\t<meta property=\"og:image:type\" content=\"image\/jpeg\" \/>\n<meta name=\"author\" content=\"Emma Telford\" \/>\n<meta name=\"twitter:card\" content=\"summary_large_image\" \/>\n<meta name=\"twitter:label1\" content=\"Written by\" \/>\n\t<meta name=\"twitter:data1\" content=\"Emma Telford\" \/>\n\t<meta name=\"twitter:label2\" content=\"Est. reading time\" \/>\n\t<meta name=\"twitter:data2\" content=\"11 minutes\" \/>\n<script type=\"application\/ld+json\" class=\"yoast-schema-graph\">{\"@context\":\"https:\/\/schema.org\",\"@graph\":[{\"@type\":\"Article\",\"@id\":\"https:\/\/flyphotoprod.wpenginepowered.com\/blog\/best-places-to-take-photos-quebec-city\/#article\",\"isPartOf\":{\"@id\":\"https:\/\/flyphotoprod.wpenginepowered.com\/blog\/best-places-to-take-photos-quebec-city\/\"},\"author\":{\"name\":\"Emma Telford\",\"@id\":\"https:\/\/flyphotoprod.wpenginepowered.com\/blog\/#\/schema\/person\/50b39f3cd9f1fd4dad86d43cfb6c47ad\"},\"headline\":\"Top 10 Places to Take Photos in Quebec City\",\"datePublished\":\"2022-10-28T15:00:18+00:00\",\"mainEntityOfPage\":{\"@id\":\"https:\/\/flyphotoprod.wpenginepowered.com\/blog\/best-places-to-take-photos-quebec-city\/\"},\"wordCount\":2216,\"commentCount\":0,\"image\":{\"@id\":\"https:\/\/flyphotoprod.wpenginepowered.com\/blog\/best-places-to-take-photos-quebec-city\/#primaryimage\"},\"thumbnailUrl\":\"https:\/\/flyphotoprod.wpenginepowered.com\/wp-content\/uploads\/2022\/10\/474.jpg\",\"keywords\":[\"canada\",\"Flytographer\",\"photographer\",\"Photoshoot\",\"quebec\",\"Quebec City\",\"staycation\",\"vacation\"],\"articleSection\":[\"Flytographer\"],\"inLanguage\":\"en-US\",\"potentialAction\":[{\"@type\":\"CommentAction\",\"name\":\"Comment\",\"target\":[\"https:\/\/flyphotoprod.wpenginepowered.com\/blog\/best-places-to-take-photos-quebec-city\/#respond\"]}]},{\"@type\":\"WebPage\",\"@id\":\"https:\/\/flyphotoprod.wpenginepowered.com\/blog\/best-places-to-take-photos-quebec-city\/\",\"url\":\"https:\/\/flyphotoprod.wpenginepowered.com\/blog\/best-places-to-take-photos-quebec-city\/\",\"name\":\"Top 10 Places to Take Photos in Quebec City | Flytographer\",\"isPartOf\":{\"@id\":\"https:\/\/flyphotoprod.wpenginepowered.com\/blog\/#website\"},\"primaryImageOfPage\":{\"@id\":\"https:\/\/flyphotoprod.wpenginepowered.com\/blog\/best-places-to-take-photos-quebec-city\/#primaryimage\"},\"image\":{\"@id\":\"https:\/\/flyphotoprod.wpenginepowered.com\/blog\/best-places-to-take-photos-quebec-city\/#primaryimage\"},\"thumbnailUrl\":\"https:\/\/flyphotoprod.wpenginepowered.com\/wp-content\/uploads\/2022\/10\/474.jpg\",\"datePublished\":\"2022-10-28T15:00:18+00:00\",\"author\":{\"@id\":\"https:\/\/flyphotoprod.wpenginepowered.com\/blog\/#\/schema\/person\/50b39f3cd9f1fd4dad86d43cfb6c47ad\"},\"description\":\"Are you looking for the best places to take photos in Quebec City? Read on for the best tips from our local pro photographers in Canada.\",\"breadcrumb\":{\"@id\":\"https:\/\/flyphotoprod.wpenginepowered.com\/blog\/best-places-to-take-photos-quebec-city\/#breadcrumb\"},\"inLanguage\":\"en-US\",\"potentialAction\":[{\"@type\":\"ReadAction\",\"target\":[\"https:\/\/flyphotoprod.wpenginepowered.com\/blog\/best-places-to-take-photos-quebec-city\/\"]}]},{\"@type\":\"ImageObject\",\"inLanguage\":\"en-US\",\"@id\":\"https:\/\/flyphotoprod.wpenginepowered.com\/blog\/best-places-to-take-photos-quebec-city\/#primaryimage\",\"url\":\"https:\/\/flyphotoprod.wpenginepowered.com\/wp-content\/uploads\/2022\/10\/474.jpg\",\"contentUrl\":\"https:\/\/flyphotoprod.wpenginepowered.com\/wp-content\/uploads\/2022\/10\/474.jpg\",\"width\":1798,\"height\":1200},{\"@type\":\"BreadcrumbList\",\"@id\":\"https:\/\/flyphotoprod.wpenginepowered.com\/blog\/best-places-to-take-photos-quebec-city\/#breadcrumb\",\"itemListElement\":[{\"@type\":\"ListItem\",\"position\":1,\"name\":\"Home\",\"item\":\"https:\/\/flyphotoprod.wpenginepowered.com\/blog\/\"},{\"@type\":\"ListItem\",\"position\":2,\"name\":\"Top 10 Places to Take Photos in Quebec City\"}]},{\"@type\":\"WebSite\",\"@id\":\"https:\/\/flyphotoprod.wpenginepowered.com\/blog\/#website\",\"url\":\"https:\/\/flyphotoprod.wpenginepowered.com\/blog\/\",\"name\":\"Blog\",\"description\":\"Flytographer\",\"potentialAction\":[{\"@type\":\"SearchAction\",\"target\":{\"@type\":\"EntryPoint\",\"urlTemplate\":\"https:\/\/flyphotoprod.wpenginepowered.com\/blog\/?s={search_term_string}\"},\"query-input\":{\"@type\":\"PropertyValueSpecification\",\"valueRequired\":true,\"valueName\":\"search_term_string\"}}],\"inLanguage\":\"en-US\"},{\"@type\":\"Person\",\"@id\":\"https:\/\/flyphotoprod.wpenginepowered.com\/blog\/#\/schema\/person\/50b39f3cd9f1fd4dad86d43cfb6c47ad\",\"name\":\"Emma Telford\",\"image\":{\"@type\":\"ImageObject\",\"inLanguage\":\"en-US\",\"@id\":\"https:\/\/secure.gravatar.com\/avatar\/0546e97f75f501025079a7430994c8a61601e21c2323732b28494c47eb7e2de6?s=96&d=mm&r=g\",\"url\":\"https:\/\/secure.gravatar.com\/avatar\/0546e97f75f501025079a7430994c8a61601e21c2323732b28494c47eb7e2de6?s=96&d=mm&r=g\",\"contentUrl\":\"https:\/\/secure.gravatar.com\/avatar\/0546e97f75f501025079a7430994c8a61601e21c2323732b28494c47eb7e2de6?s=96&d=mm&r=g\",\"caption\":\"Emma Telford\"},\"url\":\"https:\/\/flyphotoprod.wpenginepowered.com\/blog\/author\/emma-t\/\"}]}<\/script>\n<!-- \/ Yoast SEO plugin. -->","yoast_head_json":{"title":"Top 10 Places to Take Photos in Quebec City | Flytographer","description":"Are you looking for the best places to take photos in Quebec City? Read on for the best tips from our local pro photographers in Canada.","robots":{"index":"index","follow":"follow","max-snippet":"max-snippet:-1","max-image-preview":"max-image-preview:large","max-video-preview":"max-video-preview:-1"},"canonical":"https:\/\/flyphotoprod.wpenginepowered.com\/blog\/best-places-to-take-photos-quebec-city\/","og_locale":"en_US","og_type":"article","og_title":"Top 10 Places to Take Photos in Quebec City | Flytographer","og_description":"Are you looking for the best places to take photos in Quebec City? Read on for the best tips from our local pro photographers in Canada.","og_url":"https:\/\/flyphotoprod.wpenginepowered.com\/blog\/best-places-to-take-photos-quebec-city\/","og_site_name":"Blog","article_published_time":"2022-10-28T15:00:18+00:00","og_image":[{"width":1798,"height":1200,"url":"https:\/\/flyphotoprod.wpenginepowered.com\/wp-content\/uploads\/2022\/10\/474.jpg","type":"image\/jpeg"}],"author":"Emma Telford","twitter_card":"summary_large_image","twitter_misc":{"Written by":"Emma Telford","Est. reading time":"11 minutes"},"schema":{"@context":"https:\/\/schema.org","@graph":[{"@type":"Article","@id":"https:\/\/flyphotoprod.wpenginepowered.com\/blog\/best-places-to-take-photos-quebec-city\/#article","isPartOf":{"@id":"https:\/\/flyphotoprod.wpenginepowered.com\/blog\/best-places-to-take-photos-quebec-city\/"},"author":{"name":"Emma Telford","@id":"https:\/\/flyphotoprod.wpenginepowered.com\/blog\/#\/schema\/person\/50b39f3cd9f1fd4dad86d43cfb6c47ad"},"headline":"Top 10 Places to Take Photos in Quebec City","datePublished":"2022-10-28T15:00:18+00:00","mainEntityOfPage":{"@id":"https:\/\/flyphotoprod.wpenginepowered.com\/blog\/best-places-to-take-photos-quebec-city\/"},"wordCount":2216,"commentCount":0,"image":{"@id":"https:\/\/flyphotoprod.wpenginepowered.com\/blog\/best-places-to-take-photos-quebec-city\/#primaryimage"},"thumbnailUrl":"https:\/\/flyphotoprod.wpenginepowered.com\/wp-content\/uploads\/2022\/10\/474.jpg","keywords":["canada","Flytographer","photographer","Photoshoot","quebec","Quebec City","staycation","vacation"],"articleSection":["Flytographer"],"inLanguage":"en-US","potentialAction":[{"@type":"CommentAction","name":"Comment","target":["https:\/\/flyphotoprod.wpenginepowered.com\/blog\/best-places-to-take-photos-quebec-city\/#respond"]}]},{"@type":"WebPage","@id":"https:\/\/flyphotoprod.wpenginepowered.com\/blog\/best-places-to-take-photos-quebec-city\/","url":"https:\/\/flyphotoprod.wpenginepowered.com\/blog\/best-places-to-take-photos-quebec-city\/","name":"Top 10 Places to Take Photos in Quebec City | Flytographer","isPartOf":{"@id":"https:\/\/flyphotoprod.wpenginepowered.com\/blog\/#website"},"primaryImageOfPage":{"@id":"https:\/\/flyphotoprod.wpenginepowered.com\/blog\/best-places-to-take-photos-quebec-city\/#primaryimage"},"image":{"@id":"https:\/\/flyphotoprod.wpenginepowered.com\/blog\/best-places-to-take-photos-quebec-city\/#primaryimage"},"thumbnailUrl":"https:\/\/flyphotoprod.wpenginepowered.com\/wp-content\/uploads\/2022\/10\/474.jpg","datePublished":"2022-10-28T15:00:18+00:00","author":{"@id":"https:\/\/flyphotoprod.wpenginepowered.com\/blog\/#\/schema\/person\/50b39f3cd9f1fd4dad86d43cfb6c47ad"},"description":"Are you looking for the best places to take photos in Quebec City? Read on for the best tips from our local pro photographers in Canada.","breadcrumb":{"@id":"https:\/\/flyphotoprod.wpenginepowered.com\/blog\/best-places-to-take-photos-quebec-city\/#breadcrumb"},"inLanguage":"en-US","potentialAction":[{"@type":"ReadAction","target":["https:\/\/flyphotoprod.wpenginepowered.com\/blog\/best-places-to-take-photos-quebec-city\/"]}]},{"@type":"ImageObject","inLanguage":"en-US","@id":"https:\/\/flyphotoprod.wpenginepowered.com\/blog\/best-places-to-take-photos-quebec-city\/#primaryimage","url":"https:\/\/flyphotoprod.wpenginepowered.com\/wp-content\/uploads\/2022\/10\/474.jpg","contentUrl":"https:\/\/flyphotoprod.wpenginepowered.com\/wp-content\/uploads\/2022\/10\/474.jpg","width":1798,"height":1200},{"@type":"BreadcrumbList","@id":"https:\/\/flyphotoprod.wpenginepowered.com\/blog\/best-places-to-take-photos-quebec-city\/#breadcrumb","itemListElement":[{"@type":"ListItem","position":1,"name":"Home","item":"https:\/\/flyphotoprod.wpenginepowered.com\/blog\/"},{"@type":"ListItem","position":2,"name":"Top 10 Places to Take Photos in Quebec City"}]},{"@type":"WebSite","@id":"https:\/\/flyphotoprod.wpenginepowered.com\/blog\/#website","url":"https:\/\/flyphotoprod.wpenginepowered.com\/blog\/","name":"Blog","description":"Flytographer","potentialAction":[{"@type":"SearchAction","target":{"@type":"EntryPoint","urlTemplate":"https:\/\/flyphotoprod.wpenginepowered.com\/blog\/?s={search_term_string}"},"query-input":{"@type":"PropertyValueSpecification","valueRequired":true,"valueName":"search_term_string"}}],"inLanguage":"en-US"},{"@type":"Person","@id":"https:\/\/flyphotoprod.wpenginepowered.com\/blog\/#\/schema\/person\/50b39f3cd9f1fd4dad86d43cfb6c47ad","name":"Emma Telford","image":{"@type":"ImageObject","inLanguage":"en-US","@id":"https:\/\/secure.gravatar.com\/avatar\/0546e97f75f501025079a7430994c8a61601e21c2323732b28494c47eb7e2de6?s=96&d=mm&r=g","url":"https:\/\/secure.gravatar.com\/avatar\/0546e97f75f501025079a7430994c8a61601e21c2323732b28494c47eb7e2de6?s=96&d=mm&r=g","contentUrl":"https:\/\/secure.gravatar.com\/avatar\/0546e97f75f501025079a7430994c8a61601e21c2323732b28494c47eb7e2de6?s=96&d=mm&r=g","caption":"Emma Telford"},"url":"https:\/\/flyphotoprod.wpenginepowered.com\/blog\/author\/emma-t\/"}]}},"modified_by":null,"_links":{"self":[{"href":"https:\/\/flyphotoprod.wpenginepowered.com\/blog\/wp-json\/wp\/v2\/posts\/474","targetHints":{"allow":["GET"]}}],"collection":[{"href":"https:\/\/flyphotoprod.wpenginepowered.com\/blog\/wp-json\/wp\/v2\/posts"}],"about":[{"href":"https:\/\/flyphotoprod.wpenginepowered.com\/blog\/wp-json\/wp\/v2\/types\/post"}],"author":[{"embeddable":true,"href":"https:\/\/flyphotoprod.wpenginepowered.com\/blog\/wp-json\/wp\/v2\/users\/25"}],"replies":[{"embeddable":true,"href":"https:\/\/flyphotoprod.wpenginepowered.com\/blog\/wp-json\/wp\/v2\/comments?post=474"}],"version-history":[{"count":0,"href":"https:\/\/flyphotoprod.wpenginepowered.com\/blog\/wp-json\/wp\/v2\/posts\/474\/revisions"}],"wp:featuredmedia":[{"embeddable":true,"href":"https:\/\/flyphotoprod.wpenginepowered.com\/blog\/wp-json\/wp\/v2\/media\/84288"}],"wp:attachment":[{"href":"https:\/\/flyphotoprod.wpenginepowered.com\/blog\/wp-json\/wp\/v2\/media?parent=474"}],"wp:term":[{"taxonomy":"category","embeddable":true,"href":"https:\/\/flyphotoprod.wpenginepowered.com\/blog\/wp-json\/wp\/v2\/categories?post=474"},{"taxonomy":"post_tag","embeddable":true,"href":"https:\/\/flyphotoprod.wpenginepowered.com\/blog\/wp-json\/wp\/v2\/tags?post=474"}],"curies":[{"name":"wp","href":"https:\/\/api.w.org\/{rel}","templated":true}]}}